{"id":27773,"date":"2022-11-09T11:47:37","date_gmt":"2022-11-09T11:47:37","guid":{"rendered":"http:\/\/www.lanuevaopcion.cl\/?p=27773"},"modified":"2022-11-09T11:47:37","modified_gmt":"2022-11-09T11:47:37","slug":"pdg-suspendio-de-comisiones-a-diputados-que-apoyaron-a-mirosevic","status":"publish","type":"post","link":"http:\/\/www.lanuevaopcion.cl\/?p=27773","title":{"rendered":"PDG SUSPENDI\u00d3 DE COMISIONES A DIPUTADOS QUE APOYARON A MIROSEVIC"},"content":{"rendered":"<p><img loading=\"lazy\" decoding=\"async\"  alt=\"\" src=\"https:\/\/cdn.shortpixel.ai\/spai\/w_325+q_lossless+ret_img+to_webp\/https:\/\/storage.googleapis.com\/lanacion-media-storage\/2022\/11\/7fac8846-fotos-pdg-533x261.jpg\" class=\"alignleft\" width=\"533\" height=\"261\" \/ class=\"alignleft\" style=\"margin-right:15px;margin-bottom:10px;float:left;\" ><br \/>\nConsecuencias tendr\u00e1 en el Partido de la Gente (PDG) la elecci\u00f3n del diputado Vlado Mirosevic (Partido Liberal) como nuevo presidente de la C\u00e1mara de Diputados.<\/p>\n<p>Aunque la colectividad ten\u00eda un acuerdo con la oposici\u00f3n para levantar un nombre propio que le quitase la testera al oficialismo, finalmente tres de los integrantes de la bancada terminaron apoyando a Mirosevic: Francisco Pulgar, Rub\u00e9n Oyarzo y Karen Medina.<br \/>\n<!--more--><br \/>\nApoyo que termin\u00f3 siendo clave en la elecci\u00f3n, ya que Mirosevic se impuso por 77 votos contra 73 a su par de la Democracia Cristiana, Miguel \u00c1ngel Calisto.<\/p>\n<p>La situaci\u00f3n gener\u00f3 un quiebre en el partido liderado por Franco Parisi. \u201cEstamos con una divisi\u00f3n, algunos tomando una opci\u00f3n y otros por supuesto tomando la opci\u00f3n de quedarse en un acuerdo administrativo, cosa que yo no estoy de acuerdo\u201d, inform\u00f3 la jefa de bancada del PDG, Yovana Ahumada.<\/p>\n<p>Adem\u00e1s, Ahumada anunci\u00f3 que Pulgar, Oyarzo y Medina ser\u00e1n suspendidos de las comisiones: \u201cCuando nos reunamos tomaremos decisiones, vamos a ver qu\u00e9 ocurre a posterior con las comisiones, es una sanci\u00f3n no es un castigo, es no haber cumplido la palabra de no actuar en bloque\u201d.<\/p>\n<p>Junto a ello, los diputados que apoyaron a Mirosevic ser\u00e1n llevados al Tribunal Supremo del PDG para eventuales sanciones, entre las que incluso podr\u00eda estar la expulsi\u00f3n.<\/p>\n<p>La situaci\u00f3n gener\u00f3 reproches por parte de otro integrante del PDG, Gaspar Rivas. \u201cA nosotros nos parece que eso es abiertamente una venganza, una vendetta y no estamos disponibles, los afectados y aquellos que los respaldamos a que este tipo de pr\u00e1cticas se est\u00e9n dando dentro de la bancada del PDG, sobre todo en una \u00e9poca en que deber\u00edamos tratar de recomponer las relaciones y confianzas\u201d, indic\u00f3.<\/p>\n<p>\u201cNos damos cuenta que al d\u00eda siguiente de la elecci\u00f3n ya se est\u00e1n empezando a generar revanchas lo que viene a generar m\u00e1s problemas de los que ten\u00edamos, bajo la l\u00f3gica de apagar el incendio con bencina\u201d, agreg\u00f3.<\/p>\n<blockquote class=\"wp-embedded-content\" data-secret=\"U0Tuz3N2zK\"><p><a href=\"https:\/\/www.lanacion.cl\/pdg-suspendio-de-comisiones-a-diputados-que-apoyaron-a-mirosevic\/\">PDG suspendi\u00f3 de comisiones a diputados que apoyaron a Mirosevic<\/a><\/p><\/blockquote>\n<p><iframe loading=\"lazy\" class=\"wp-embedded-content\" sandbox=\"allow-scripts\" security=\"restricted\" style=\"position: absolute; visibility: hidden;\" title=\"&#8220;PDG suspendi\u00f3 de comisiones a diputados que apoyaron a Mirosevic&#8221; &#8212; La Naci\u00f3n\" src=\"https:\/\/www.lanacion.cl\/pdg-suspendio-de-comisiones-a-diputados-que-apoyaron-a-mirosevic\/embed\/#?secret=Ht8dbSkx7B#?secret=U0Tuz3N2zK\" data-secret=\"U0Tuz3N2zK\" width=\"500\" height=\"282\" frameborder=\"0\" marginwidth=\"0\" marginheight=\"0\" scrolling=\"no\"><\/iframe><br \/>\nFUENTE. LA NACION.CL<br \/>\nMEDIO DE DIFUSI\u00d3N , SIN FIN DE LUCRO ALGUNO<\/p>\n","protected":false},"excerpt":{"rendered":"<p>Consecuencias tendr\u00e1 en el Partido de la Gente (PDG) la elecci\u00f3n del diputado Vlado Mirosevic (Partido Liberal) como nuevo presidente de la C\u00e1mara de Diputados. Aunque la colectividad ten\u00eda un acuerdo con la oposici\u00f3n para levantar un nombre propio que le quitase la testera al oficialismo, finalmente tres de los integrantes de la bancada terminaron [&hellip;]<\/p>\n","protected":false},"author":51,"featured_media":0,"comment_status":"open","ping_status":"open","sticky":false,"template":"","format":"standard","meta":{"footnotes":""},"categories":[8,9,16,1,11],"tags":[1006],"class_list":["post-27773","post","type-post","status-publish","format-standard","hentry","category-cultura","category-educacion","category-nacional","category-uncategorized","category-tendencias","tag-pdg"],"_links":{"self":[{"href":"http:\/\/www.lanuevaopcion.cl\/index.php?rest_route=\/wp\/v2\/posts\/27773","targetHints":{"allow":["GET"]}}],"collection":[{"href":"http:\/\/www.lanuevaopcion.cl\/index.php?rest_route=\/wp\/v2\/posts"}],"about":[{"href":"http:\/\/www.lanuevaopcion.cl\/index.php?rest_route=\/wp\/v2\/types\/post"}],"author":[{"embeddable":true,"href":"http:\/\/www.lanuevaopcion.cl\/index.php?rest_route=\/wp\/v2\/users\/51"}],"replies":[{"embeddable":true,"href":"http:\/\/www.lanuevaopcion.cl\/index.php?rest_route=%2Fwp%2Fv2%2Fcomments&post=27773"}],"version-history":[{"count":1,"href":"http:\/\/www.lanuevaopcion.cl\/index.php?rest_route=\/wp\/v2\/posts\/27773\/revisions"}],"predecessor-version":[{"id":27774,"href":"http:\/\/www.lanuevaopcion.cl\/index.php?rest_route=\/wp\/v2\/posts\/27773\/revisions\/27774"}],"wp:attachment":[{"href":"http:\/\/www.lanuevaopcion.cl\/index.php?rest_route=%2Fwp%2Fv2%2Fmedia&parent=27773"}],"wp:term":[{"taxonomy":"category","embeddable":true,"href":"http:\/\/www.lanuevaopcion.cl\/index.php?rest_route=%2Fwp%2Fv2%2Fcategories&post=27773"},{"taxonomy":"post_tag","embeddable":true,"href":"http:\/\/www.lanuevaopcion.cl\/index.php?rest_route=%2Fwp%2Fv2%2Ftags&post=27773"}],"curies":[{"name":"wp","href":"https:\/\/api.w.org\/{rel}","templated":true}]}}