{"id":27771,"date":"2022-11-08T07:06:30","date_gmt":"2022-11-08T07:06:30","guid":{"rendered":"http:\/\/www.lanuevaopcion.cl\/?p=27771"},"modified":"2022-11-08T07:06:30","modified_gmt":"2022-11-08T07:06:30","slug":"sutil-y-reforma-de-pensiones-el-debate-deberia-recaer-en-que-%e2%80%9caca-hay-problemas-mas-complejos-como-la-rentabilidad-de-los-fondos%e2%80%9d","status":"publish","type":"post","link":"http:\/\/www.lanuevaopcion.cl\/?p=27771","title":{"rendered":"SUTIL Y REFORMA DE PENSIONES: EL DEBATE DEBER\u00cdA RECAER EN QUE \u201cAC\u00c1 HAY PROBLEMAS M\u00c1S COMPLEJOS COMO LA RENTABILIDAD DE LOS FONDOS\u201d"},"content":{"rendered":"<p><img loading=\"lazy\" decoding=\"async\"  alt=\"\" src=\"https:\/\/cdn.shortpixel.ai\/spai\/w_200+q_lossless+ret_img+to_webp\/https:\/\/storage.googleapis.com\/lanacion-media-storage\/2022\/11\/0f63ce01-foto-sutil-218x150.jpg\" class=\"alignleft\" width=\"218\" height=\"150\" \/ class=\"alignleft\" style=\"margin-right:15px;margin-bottom:10px;float:left;\" ><br \/>\nEl presidente de la Confederaci\u00f3n de la Producci\u00f3n y Comercio (CPC), Juan Sutil, se refiri\u00f3 al proyecto de reforma de pensiones que present\u00f3 el Gobierno el mi\u00e9rcoles pasado y que este lunes ingresar\u00e1 Congreso.<\/p>\n<p>En conversaci\u00f3n con 24 Horas, Sutil augur\u00f3 que la iniciativa podr\u00eda afectar negativamente los ahorros de las personas, pues seg\u00fan \u00e9l, el debate deber\u00eda recaer en que \u201cac\u00e1 hay problemas m\u00e1s complejos como la rentabilidad de los fondos, que es menor a los fondos que uno puede proyectar de largo plazo en las AFP\u201d.<br \/>\n<!--more--><br \/>\n\u201c(La propuesta) garantiza un 2%, y las AFP est\u00e1n por encima de eso. Al final del per\u00edodo de una persona que cotiza ese 6% pierde pr\u00e1cticamente un tercio de sus ingresos\u201d, a\u00f1adi\u00f3.<\/p>\n<p>En la misma l\u00ednea, el l\u00edder de la CPC asegur\u00f3 que \u201choy d\u00eda en el sistema actual t\u00fa pones un peso y las inversiones te devuelven tres, en este nuevo sistema t\u00fa pones un peso y te devuelven dos. Entonces yo no estoy diciendo que no es bueno, que revisemos todo esto, pero creo que es muy importante entender que esto tiene que ser de cara a la ciudadan\u00eda\u201d.<\/p>\n<p>No obstante lo anterior, valor\u00f3 que se contemple que \u201chaya una AFP estatal que compita\u201d con los prestadores privados, \u201cy as\u00ed las personas puedan tener la libertad de elegir\u201d.<\/p>\n<p>En ese contexto, habl\u00f3 respecto al 6% de cotizaci\u00f3n adicional de la medida, y sostuvo que \u201cuno puede nombrar que es de cargo al empleador, pero finalmente eso no existe porque esto es parte del sistema\u201d.<\/p>\n<p>As\u00ed, Sutil agreg\u00f3 que \u201ccuando las personas trabajan y los pa\u00edses se desarrollan, a las personas lo que les interesa es cu\u00e1l es su sueldo, cu\u00e1nto recibe y finalmente cu\u00e1nto va a ser su jubilaci\u00f3n de largo plazo\u201d.<\/p>\n<p>Por ello, finalmente afirm\u00f3 que \u201csi eso es de cargo al trabajador o de cargo al empleador es bastante sui generis la manera de determinarlo, porque finalmente es de cargo de un sistema que funciona y en el que estamos todos involucrados. Por lo tanto, es de cargo de todos nosotros\u201d.<\/p>\n<blockquote class=\"wp-embedded-content\" data-secret=\"9cWZS0guNO\"><p><a href=\"https:\/\/www.lanacion.cl\/sutil-y-reforma-de-pensiones-el-debate-deberia-recaer-en-que-aca-hay-problemas-mas-complejos-como-la-rentabilidad-de-los-fondos\/\">Sutil y Reforma de Pensiones: El debate deber\u00eda recaer en que &#8220;ac\u00e1 hay problemas m\u00e1s complejos como la rentabilidad de los fondos&#8221;<\/a><\/p><\/blockquote>\n<p><iframe loading=\"lazy\" class=\"wp-embedded-content\" sandbox=\"allow-scripts\" security=\"restricted\" style=\"position: absolute; visibility: hidden;\" title=\"&#8220;Sutil y Reforma de Pensiones: El debate deber\u00eda recaer en que &#8220;ac\u00e1 hay problemas m\u00e1s complejos como la rentabilidad de los fondos&#8221;&#8221; &#8212; La Naci\u00f3n\" src=\"https:\/\/www.lanacion.cl\/sutil-y-reforma-de-pensiones-el-debate-deberia-recaer-en-que-aca-hay-problemas-mas-complejos-como-la-rentabilidad-de-los-fondos\/embed\/#?secret=JKZnPVxKp7#?secret=9cWZS0guNO\" data-secret=\"9cWZS0guNO\" width=\"500\" height=\"282\" frameborder=\"0\" marginwidth=\"0\" marginheight=\"0\" scrolling=\"no\"><\/iframe><br \/>\nFUENTE. LA NACION.CL<br \/>\nMEDIO DE DIFUSI\u00d3N , SIN FIN DE LUCRO ALGUNO <\/p>\n","protected":false},"excerpt":{"rendered":"<p>El presidente de la Confederaci\u00f3n de la Producci\u00f3n y Comercio (CPC), Juan Sutil, se refiri\u00f3 al proyecto de reforma de pensiones que present\u00f3 el Gobierno el mi\u00e9rcoles pasado y que este lunes ingresar\u00e1 Congreso. En conversaci\u00f3n con 24 Horas, Sutil augur\u00f3 que la iniciativa podr\u00eda afectar negativamente los ahorros de las personas, pues seg\u00fan \u00e9l, [&hellip;]<\/p>\n","protected":false},"author":51,"featured_media":0,"comment_status":"open","ping_status":"open","sticky":false,"template":"","format":"standard","meta":{"footnotes":""},"categories":[4,9,5,16,1,31,11],"tags":[441],"class_list":["post-27771","post","type-post","status-publish","format-standard","hentry","category-economia","category-educacion","category-internacional","category-nacional","category-uncategorized","category-salud","category-tendencias","tag-cpc"],"_links":{"self":[{"href":"http:\/\/www.lanuevaopcion.cl\/index.php?rest_route=\/wp\/v2\/posts\/27771","targetHints":{"allow":["GET"]}}],"collection":[{"href":"http:\/\/www.lanuevaopcion.cl\/index.php?rest_route=\/wp\/v2\/posts"}],"about":[{"href":"http:\/\/www.lanuevaopcion.cl\/index.php?rest_route=\/wp\/v2\/types\/post"}],"author":[{"embeddable":true,"href":"http:\/\/www.lanuevaopcion.cl\/index.php?rest_route=\/wp\/v2\/users\/51"}],"replies":[{"embeddable":true,"href":"http:\/\/www.lanuevaopcion.cl\/index.php?rest_route=%2Fwp%2Fv2%2Fcomments&post=27771"}],"version-history":[{"count":1,"href":"http:\/\/www.lanuevaopcion.cl\/index.php?rest_route=\/wp\/v2\/posts\/27771\/revisions"}],"predecessor-version":[{"id":27772,"href":"http:\/\/www.lanuevaopcion.cl\/index.php?rest_route=\/wp\/v2\/posts\/27771\/revisions\/27772"}],"wp:attachment":[{"href":"http:\/\/www.lanuevaopcion.cl\/index.php?rest_route=%2Fwp%2Fv2%2Fmedia&parent=27771"}],"wp:term":[{"taxonomy":"category","embeddable":true,"href":"http:\/\/www.lanuevaopcion.cl\/index.php?rest_route=%2Fwp%2Fv2%2Fcategories&post=27771"},{"taxonomy":"post_tag","embeddable":true,"href":"http:\/\/www.lanuevaopcion.cl\/index.php?rest_route=%2Fwp%2Fv2%2Ftags&post=27771"}],"curies":[{"name":"wp","href":"https:\/\/api.w.org\/{rel}","templated":true}]}}