{"id":27768,"date":"2022-11-07T08:13:00","date_gmt":"2022-11-07T08:13:00","guid":{"rendered":"http:\/\/www.lanuevaopcion.cl\/?p=27768"},"modified":"2022-11-07T08:14:56","modified_gmt":"2022-11-07T08:14:56","slug":"%e2%80%9ca-nosotros-no-nos-ayudo-nadie%e2%80%9d-gigi-martin-revela-porque-se-bajo-el-show-de-%e2%80%9cmelon-y-melame%e2%80%9d-en-la-teleton","status":"publish","type":"post","link":"http:\/\/www.lanuevaopcion.cl\/?p=27768","title":{"rendered":"\u201cA NOSOTROS NO NOS AYUD\u00d3 NADIE\u201d: GIGI MARTIN REVELA PORQU\u00c9 SE BAJ\u00d3 EL SHOW DE \u201cMEL\u00d3N Y MELAME\u201d EN LA TELET\u00d3N"},"content":{"rendered":"<p><img loading=\"lazy\" decoding=\"async\"  alt=\"\" src=\"https:\/\/cdn.shortpixel.ai\/spai\/w_356+q_lossless+ret_img+to_webp\/https:\/\/storage.googleapis.com\/lanacion-media-storage\/2022\/11\/c1f0953d-melo%CC%81n-y-melame-356x220.jpeg\" class=\"alignleft\" width=\"356\" height=\"220\" \/ class=\"alignleft\" style=\"margin-right:15px;margin-bottom:10px;float:left;\" ><br \/>\nEl comediante \u201cGigi Martin\u201d reconocido por encarnar a Mel\u00f3n en el duo \u201cMel\u00f3n y Melame\u201d, confirm\u00f3 que dicha dupla que integra junto a su par Mauricio Flores no se presentar\u00e1 en la Telet\u00f3n.<\/p>\n<p>El humorista aclar\u00f3 que fue una decisi\u00f3n personal: \u201cLa verdad es que \u2018Mel\u00f3n y Melame\u2019 no se baj\u00f3, se baj\u00f3 Gigi Martin\u201d, explic\u00f3 a LaHora.cl.<\/p>\n<p>\u201cYo tengo evento, yo tengo trabajo hoy d\u00eda. Aunque me haya salido a la hora que me haya salido, yo tom\u00e9 el evento y prioric\u00e9 mis necesidades\u201d, agreg\u00f3.<br \/>\n<!--more--><br \/>\nY record\u00f3 que \u201cpara la pandemia nosotros quedamos solos, a nosotros no nos ayud\u00f3 nadie, nadie. Tuvimos que reinventarnos. Nadie llam\u00f3 para preguntarme si ten\u00edamos o si no ten\u00edamos (dinero), entonces hoy d\u00eda me sali\u00f3 esta pega y tengo que priorizar mis necesidades\u201d.<\/p>\n<p>Respecto a su bajada en la Telet\u00f3n, Martin afirm\u00f3 que \u201cle comuniqu\u00e9 a Mauricio (Flores), y el le comunic\u00f3 a la producci\u00f3n de la Telet\u00f3n. Yo lo siento por los fans, por la gente que quer\u00eda ver a \u2018Mel\u00f3n y Melame\u2019, y lo siento tambi\u00e9n por la Telet\u00f3n\u201d.<\/p>\n<p>Para cerrar, afirm\u00f3 que igualmente colaborar\u00e1 con la jornada solidaria: \u201cYo voy a ir como todo Chile a cooperar, con mis nietos haremos la filita. No creo que sea tan importante nuestra actuaci\u00f3n en la Telet\u00f3n\u201d.<\/p>\n<blockquote class=\"wp-embedded-content\" data-secret=\"Nrjita2z4k\"><p><a href=\"https:\/\/www.lanacion.cl\/a-nosotros-no-nos-ayudo-nadie-gigi-martin-revela-porque-se-bajo-el-show-de-melon-y-melame-en-la-teleton\/\">\u201cA nosotros no nos ayud\u00f3 nadie\u201d: Gigi Martin revela porqu\u00e9 se baj\u00f3 el show de \u201cMel\u00f3n y Melame\u201d en la Telet\u00f3n<\/a><\/p><\/blockquote>\n<p><iframe loading=\"lazy\" class=\"wp-embedded-content\" sandbox=\"allow-scripts\" security=\"restricted\" style=\"position: absolute; visibility: hidden;\" title=\"&#8220;\u201cA nosotros no nos ayud\u00f3 nadie\u201d: Gigi Martin revela porqu\u00e9 se baj\u00f3 el show de \u201cMel\u00f3n y Melame\u201d en la Telet\u00f3n&#8221; &#8212; La Naci\u00f3n\" src=\"https:\/\/www.lanacion.cl\/a-nosotros-no-nos-ayudo-nadie-gigi-martin-revela-porque-se-bajo-el-show-de-melon-y-melame-en-la-teleton\/embed\/#?secret=L1O7wFcOlZ#?secret=Nrjita2z4k\" data-secret=\"Nrjita2z4k\" width=\"500\" height=\"282\" frameborder=\"0\" marginwidth=\"0\" marginheight=\"0\" scrolling=\"no\"><\/iframe><br \/>\nFUENTE. LA NACION.CL<br \/>\nMEDIO DE DIFUSI\u00d3N , SIN FIN DE LUCRO ALGUNO <\/p>\n","protected":false},"excerpt":{"rendered":"<p>El comediante \u201cGigi Martin\u201d reconocido por encarnar a Mel\u00f3n en el duo \u201cMel\u00f3n y Melame\u201d, confirm\u00f3 que dicha dupla que integra junto a su par Mauricio Flores no se presentar\u00e1 en la Telet\u00f3n. El humorista aclar\u00f3 que fue una decisi\u00f3n personal: \u201cLa verdad es que \u2018Mel\u00f3n y Melame\u2019 no se baj\u00f3, se baj\u00f3 Gigi Martin\u201d, [&hellip;]<\/p>\n","protected":false},"author":51,"featured_media":0,"comment_status":"open","ping_status":"open","sticky":false,"template":"","format":"standard","meta":{"footnotes":""},"categories":[1],"tags":[18,1005,1634,55,1635,93,45],"class_list":["post-27768","post","type-post","status-publish","format-standard","hentry","category-uncategorized","tag-arte","tag-e-bajan-de-la-teleton-meon-y-melame-s","tag-educacion","tag-entretencion","tag-nacional","tag-pais","tag-television"],"_links":{"self":[{"href":"http:\/\/www.lanuevaopcion.cl\/index.php?rest_route=\/wp\/v2\/posts\/27768","targetHints":{"allow":["GET"]}}],"collection":[{"href":"http:\/\/www.lanuevaopcion.cl\/index.php?rest_route=\/wp\/v2\/posts"}],"about":[{"href":"http:\/\/www.lanuevaopcion.cl\/index.php?rest_route=\/wp\/v2\/types\/post"}],"author":[{"embeddable":true,"href":"http:\/\/www.lanuevaopcion.cl\/index.php?rest_route=\/wp\/v2\/users\/51"}],"replies":[{"embeddable":true,"href":"http:\/\/www.lanuevaopcion.cl\/index.php?rest_route=%2Fwp%2Fv2%2Fcomments&post=27768"}],"version-history":[{"count":2,"href":"http:\/\/www.lanuevaopcion.cl\/index.php?rest_route=\/wp\/v2\/posts\/27768\/revisions"}],"predecessor-version":[{"id":27770,"href":"http:\/\/www.lanuevaopcion.cl\/index.php?rest_route=\/wp\/v2\/posts\/27768\/revisions\/27770"}],"wp:attachment":[{"href":"http:\/\/www.lanuevaopcion.cl\/index.php?rest_route=%2Fwp%2Fv2%2Fmedia&parent=27768"}],"wp:term":[{"taxonomy":"category","embeddable":true,"href":"http:\/\/www.lanuevaopcion.cl\/index.php?rest_route=%2Fwp%2Fv2%2Fcategories&post=27768"},{"taxonomy":"post_tag","embeddable":true,"href":"http:\/\/www.lanuevaopcion.cl\/index.php?rest_route=%2Fwp%2Fv2%2Ftags&post=27768"}],"curies":[{"name":"wp","href":"https:\/\/api.w.org\/{rel}","templated":true}]}}