{"id":27766,"date":"2022-11-04T09:29:16","date_gmt":"2022-11-04T09:29:16","guid":{"rendered":"http:\/\/www.lanuevaopcion.cl\/?p=27766"},"modified":"2022-11-04T09:29:16","modified_gmt":"2022-11-04T09:29:16","slug":"marcel-%e2%80%9clas-afp-van-a-poder-convertirse-en-inversores-privados-de-pensiones%e2%80%9d","status":"publish","type":"post","link":"http:\/\/www.lanuevaopcion.cl\/?p=27766","title":{"rendered":"MARCEL: \u201cLAS AFP VAN A PODER CONVERTIRSE EN INVERSORES PRIVADOS DE PENSIONES\u201d"},"content":{"rendered":"<p><img loading=\"lazy\" decoding=\"async\"  alt=\"\" src=\"https:\/\/cdn.shortpixel.ai\/spai\/w_200+q_lossless+ret_img+to_webp\/https:\/\/storage.googleapis.com\/lanacion-media-storage\/2022\/11\/3a8def6d-foto-marcel-218x150.jpg\" class=\"alignleft\" width=\"218\" height=\"150\" \/ class=\"alignleft\" style=\"margin-right:15px;margin-bottom:10px;float:left;\" ><br \/>\nEl ministro de Hacienda, Mario Marcel, sali\u00f3 este jueves a explicar algunos de los puntos esenciales del proyecto de reforma previsional dado a conocer en la noche del mi\u00e9rcoles por el Presidente Boric.<\/p>\n<p>El secretario de Estado se\u00f1al\u00f3 que \u201cel seguro social va a financiar las correcciones a las desigualdades que genera el sistema en raz\u00f3n de g\u00e9nero o en raz\u00f3n de la manera en que ha transcurrido la vida laboral de la persona\u201d.<\/p>\n<p>Sostuvo que \u201cen el caso de g\u00e9nero, va a corregir el diferencial que se produce en las rentas vitalicias entre hombres y mujeres por tener expectativas de vidas distintas\u201d, recordando que en la actualidad \u201cel 50% de las mujeres agota sus fondos antes de fallecer\u201d.<br \/>\n<!--more--><br \/>\nIndic\u00f3 que habr\u00e1 un aporte por 12 meses correspondiente al tiempo en que la persona se ha dedicado a cuidados de personas mayores o personas discapacitadas. \u201cEse afilIado o afiliada que tuvo que dejar de cotizar para cuidar a alguien de la familia, va a ver reconocido ese esfuerzo a trav\u00e9s de este aporte a su cuenta personal\u201d.<\/p>\n<p>\u201cTenemos que tener un sistema mixto y la propuesta del Gobierno va a en esa direcci\u00f3n, que tenga un aporte de empleador, trabajador y Estado (\u2026), no estamos destruyendo la capitalizaci\u00f3n individual, la estamos fortaleciendo y complementando\u201d, recalc\u00f3.<\/p>\n<p>Con relaci\u00f3n al 6% que ira a un fondo solidario, explic\u00f3 que \u201chay que tener claro que el aporte no lo hacen las personas, lo hacen los empleadores y, por lo tanto, de ese aporte de los empleadores todos van a tener un beneficio en su cuenta personal, lo que ocurre es que ese beneficio va a ser mayor para los trabajadores de rentas m\u00e1s bajas\u201d.<\/p>\n<p>Al ser consultado si se acabar\u00e1n las AFP y qu\u00e9 pasar\u00e1 con los multifondos, respondi\u00f3 que \u201clo que se va a acabar son las AFP tal como hoy d\u00eda las conocemos, con esta integraci\u00f3n vertical de administraci\u00f3n de fondos y administraci\u00f3n de cuentas\u201d.<\/p>\n<p>\u201cEso no significa que no vayan a existir administradores privados de inversiones, al contrario, se crea la figura del inversor privado de pensiones y las actuales AFP van a poder convertirse en inversores privados de pensiones\u201d, asever\u00f3.<\/p>\n<p>Agreg\u00f3 que los multifondos van a ser reemplazados por fondos generacionales a los cuales se van a ir moviendo las personas en la etapa de la vida en la que se encuentren, con el objetivo de \u201cevitar esta continua especulaci\u00f3n\u201d.<\/p>\n<p>Horas antes, en una entrevista a Radio Cooperativa, se refiri\u00f3 a algunas cr\u00edticas a la iniciativa. \u201cUno encuentra algunas contradicciones. Tenemos en el mundo pol\u00edtico y los actores del sistema gente que dice que el Estado financie con impuestos todo lo que quiera de solidaridad, pero tambi\u00e9n se oponen a la reforma tributaria\u201d.<\/p>\n<p>\u201cHemos sido bien claros: necesitamos la reforma tributaria para financiar la ampliaci\u00f3n de derechos sociales, entre ellos el aumento de la Pensi\u00f3n Garantizada Universal a 250 mil pesos, que va a ocupar m\u00e1s o menos un tercio de la recaudaci\u00f3n\u201d, expres\u00f3.<\/p>\n<p>\u201cNo se puede querer chicha y chancho. No puedo decir que el fisco financie todo con sus recursos, pero no le permito subir los impuestos, no calza\u201d, a\u00f1adi\u00f3.<\/p>\n<p>Subray\u00f3 que \u201chace cerca de siete a\u00f1os que la Comisi\u00f3n Bravo present\u00f3 su informe, y desde entonces hemos tenido dos iniciativas fallidas, una bajo el segundo Gobierno de Bachelet y otra en el segundo de Pi\u00f1era. Debemos tener conciencia de que hay una necesidad urgente de una reforma de pensiones y hay que ser pragm\u00e1ticos, ya pasamos los tiempos de las ideolog\u00edas en la materia. Tenemos que preocuparnos de lo que pasa con la gente\u201d.<\/p>\n<blockquote class=\"wp-embedded-content\" data-secret=\"Rer9b1GqSX\"><p><a href=\"https:\/\/www.lanacion.cl\/marcel-las-afp-van-a-poder-convertirse-en-inversores-privados-de-pensiones\/\">Marcel: \u201cLas AFP van a poder convertirse en inversores privados de pensiones\u201d<\/a><\/p><\/blockquote>\n<p><iframe loading=\"lazy\" class=\"wp-embedded-content\" sandbox=\"allow-scripts\" security=\"restricted\" style=\"position: absolute; visibility: hidden;\" title=\"&#8220;Marcel: \u201cLas AFP van a poder convertirse en inversores privados de pensiones\u201d&#8221; &#8212; La Naci\u00f3n\" src=\"https:\/\/www.lanacion.cl\/marcel-las-afp-van-a-poder-convertirse-en-inversores-privados-de-pensiones\/embed\/#?secret=l4qLoNjDQW#?secret=Rer9b1GqSX\" data-secret=\"Rer9b1GqSX\" width=\"500\" height=\"282\" frameborder=\"0\" marginwidth=\"0\" marginheight=\"0\" scrolling=\"no\"><\/iframe><br \/>\nFUENTE. LA NACION.CL<br \/>\nMEDO DE DIFUSI\u00d3N , SIN FIN DE LUCRO ALGUNO <\/p>\n","protected":false},"excerpt":{"rendered":"<p>El ministro de Hacienda, Mario Marcel, sali\u00f3 este jueves a explicar algunos de los puntos esenciales del proyecto de reforma previsional dado a conocer en la noche del mi\u00e9rcoles por el Presidente Boric. El secretario de Estado se\u00f1al\u00f3 que \u201cel seguro social va a financiar las correcciones a las desigualdades que genera el sistema en [&hellip;]<\/p>\n","protected":false},"author":51,"featured_media":0,"comment_status":"open","ping_status":"open","sticky":false,"template":"","format":"standard","meta":{"footnotes":""},"categories":[8,4,9,5,16,1,11],"tags":[239],"class_list":["post-27766","post","type-post","status-publish","format-standard","hentry","category-cultura","category-economia","category-educacion","category-internacional","category-nacional","category-uncategorized","category-tendencias","tag-afp"],"_links":{"self":[{"href":"http:\/\/www.lanuevaopcion.cl\/index.php?rest_route=\/wp\/v2\/posts\/27766","targetHints":{"allow":["GET"]}}],"collection":[{"href":"http:\/\/www.lanuevaopcion.cl\/index.php?rest_route=\/wp\/v2\/posts"}],"about":[{"href":"http:\/\/www.lanuevaopcion.cl\/index.php?rest_route=\/wp\/v2\/types\/post"}],"author":[{"embeddable":true,"href":"http:\/\/www.lanuevaopcion.cl\/index.php?rest_route=\/wp\/v2\/users\/51"}],"replies":[{"embeddable":true,"href":"http:\/\/www.lanuevaopcion.cl\/index.php?rest_route=%2Fwp%2Fv2%2Fcomments&post=27766"}],"version-history":[{"count":1,"href":"http:\/\/www.lanuevaopcion.cl\/index.php?rest_route=\/wp\/v2\/posts\/27766\/revisions"}],"predecessor-version":[{"id":27767,"href":"http:\/\/www.lanuevaopcion.cl\/index.php?rest_route=\/wp\/v2\/posts\/27766\/revisions\/27767"}],"wp:attachment":[{"href":"http:\/\/www.lanuevaopcion.cl\/index.php?rest_route=%2Fwp%2Fv2%2Fmedia&parent=27766"}],"wp:term":[{"taxonomy":"category","embeddable":true,"href":"http:\/\/www.lanuevaopcion.cl\/index.php?rest_route=%2Fwp%2Fv2%2Fcategories&post=27766"},{"taxonomy":"post_tag","embeddable":true,"href":"http:\/\/www.lanuevaopcion.cl\/index.php?rest_route=%2Fwp%2Fv2%2Ftags&post=27766"}],"curies":[{"name":"wp","href":"https:\/\/api.w.org\/{rel}","templated":true}]}}