{"id":27755,"date":"2022-10-26T10:53:05","date_gmt":"2022-10-26T10:53:05","guid":{"rendered":"http:\/\/www.lanuevaopcion.cl\/?p=27755"},"modified":"2022-10-26T10:53:05","modified_gmt":"2022-10-26T10:53:05","slug":"de-la-carrera-recibio-y-abrazo-a-pancho-malo-en-medio-de-protesta-del-%e2%80%9cteam-patriota%e2%80%9d-fuera-del-congreso","status":"publish","type":"post","link":"http:\/\/www.lanuevaopcion.cl\/?p=27755","title":{"rendered":"DE LA CARRERA RECIBI\u00d3 Y ABRAZ\u00d3 A PANCHO MALO EN MEDIO DE PROTESTA DEL \u201cTEAM PATRIOTA\u201d FUERA DEL CONGRESO"},"content":{"rendered":"<p><img loading=\"lazy\" decoding=\"async\"  alt=\"\" src=\"https:\/\/cdn.shortpixel.ai\/spai\/w_324+q_lossless+ret_img+to_webp\/https:\/\/storage.googleapis.com\/lanacion-media-storage\/2022\/10\/3bedfabb-captura-de-pantalla-2022-10-25-a-las-17.28.46-324x235.png\" class=\"alignleft\" width=\"324\" height=\"235\" \/ class=\"alignleft\" style=\"margin-right:15px;margin-bottom:10px;float:left;\" ><br \/>\nEl diputado Gonzalo de la Carrera se acerc\u00f3 a Francisco Mu\u00f1oz, m\u00e1s conocido como \u201cPancho Malo\u201d, para saludarlo afectuosamente afuera del Congreso, en Valpara\u00edso.<\/p>\n<p>Este martes, el l\u00edder del \u201cTeam Patriota\u201d, agrupaci\u00f3n de ultraderecha encabezada por Francisco Mu\u00f1oz, lleg\u00f3 afuera del Congreso nacional para protestar contra los parlamentarios y exigir que no haya acuerdo por una Nueva constituci\u00f3n.<\/p>\n<p>Quienes participaban en la protesta tildaron a los legisladores como \u201cvendepatria\u201d y \u201csinverg\u00fcenza\u201d, criticando que se busque realizar un nuevo proceso constituyente tras el triunfo del Rechazo en el plebiscito del 4 de septiembre.<br \/>\n<!--more--><br \/>\n\u201cLlamamos al Congreso a trabajar, a resguardar la seguridad de los chilenos, a no seguir despilfarrando los recursos con m\u00e1s experimentos para los operadores pol\u00edticos\u201d, dijo \u201cPancho Malo\u201d afuera del Parlamento.<\/p>\n<p>Pero las cr\u00edticas no evitaron que el diputado Gonzalo de la Carrera, ex miembro del Partido Republicano, saliese a saludar a los manifestantes e incluso se diese un abrazo con el exl\u00edder de la Garra Blanca.<\/p>\n<p>Ante el revuelo que caus\u00f3 el encuentro, De la Carrera escribi\u00f3 en Twitter: \u201cTodos los que se manifiesten pac\u00edficamente con un meg\u00e1fono y una bandera chilena tendr\u00e1n mi apoyo. No era que todos merecen rehabilitaci\u00f3n y re inserci\u00f3n en la sociedad. Otros delincuentes no rehabilitados han sido presidentes\u201d.<\/p>\n<blockquote class=\"wp-embedded-content\" data-secret=\"MzDqcQY8Gp\"><p><a href=\"https:\/\/www.lanacion.cl\/de-la-carrera-recibio-y-abrazo-a-pancho-malo-en-medio-de-protesta-del-team-patriota-fuera-del-congreso\/\">De la Carrera recibi\u00f3 y abraz\u00f3 a Pancho Malo en medio de protesta del &#8220;Team Patriota&#8221; fuera del Congreso<\/a><\/p><\/blockquote>\n<p><iframe loading=\"lazy\" class=\"wp-embedded-content\" sandbox=\"allow-scripts\" security=\"restricted\" style=\"position: absolute; visibility: hidden;\" title=\"&#8220;De la Carrera recibi\u00f3 y abraz\u00f3 a Pancho Malo en medio de protesta del &#8220;Team Patriota&#8221; fuera del Congreso&#8221; &#8212; La Naci\u00f3n\" src=\"https:\/\/www.lanacion.cl\/de-la-carrera-recibio-y-abrazo-a-pancho-malo-en-medio-de-protesta-del-team-patriota-fuera-del-congreso\/embed\/#?secret=eBnFZg505s#?secret=MzDqcQY8Gp\" data-secret=\"MzDqcQY8Gp\" width=\"500\" height=\"282\" frameborder=\"0\" marginwidth=\"0\" marginheight=\"0\" scrolling=\"no\"><\/iframe><br \/>\nFUENTE. LA NACION.CL<br \/>\nMEDIO DE DIFUSI\u00d3N, SIN FIN DE LUCRO ALGUNO <\/p>\n","protected":false},"excerpt":{"rendered":"<p>El diputado Gonzalo de la Carrera se acerc\u00f3 a Francisco Mu\u00f1oz, m\u00e1s conocido como \u201cPancho Malo\u201d, para saludarlo afectuosamente afuera del Congreso, en Valpara\u00edso. Este martes, el l\u00edder del \u201cTeam Patriota\u201d, agrupaci\u00f3n de ultraderecha encabezada por Francisco Mu\u00f1oz, lleg\u00f3 afuera del Congreso nacional para protestar contra los parlamentarios y exigir que no haya acuerdo por [&hellip;]<\/p>\n","protected":false},"author":51,"featured_media":0,"comment_status":"open","ping_status":"open","sticky":false,"template":"","format":"standard","meta":{"footnotes":""},"categories":[8,9,5,16,1],"tags":[163,998],"class_list":["post-27755","post","type-post","status-publish","format-standard","hentry","category-cultura","category-educacion","category-internacional","category-nacional","category-uncategorized","tag-congreso","tag-de-la-carrera-y-fco-munoz"],"_links":{"self":[{"href":"http:\/\/www.lanuevaopcion.cl\/index.php?rest_route=\/wp\/v2\/posts\/27755","targetHints":{"allow":["GET"]}}],"collection":[{"href":"http:\/\/www.lanuevaopcion.cl\/index.php?rest_route=\/wp\/v2\/posts"}],"about":[{"href":"http:\/\/www.lanuevaopcion.cl\/index.php?rest_route=\/wp\/v2\/types\/post"}],"author":[{"embeddable":true,"href":"http:\/\/www.lanuevaopcion.cl\/index.php?rest_route=\/wp\/v2\/users\/51"}],"replies":[{"embeddable":true,"href":"http:\/\/www.lanuevaopcion.cl\/index.php?rest_route=%2Fwp%2Fv2%2Fcomments&post=27755"}],"version-history":[{"count":1,"href":"http:\/\/www.lanuevaopcion.cl\/index.php?rest_route=\/wp\/v2\/posts\/27755\/revisions"}],"predecessor-version":[{"id":27756,"href":"http:\/\/www.lanuevaopcion.cl\/index.php?rest_route=\/wp\/v2\/posts\/27755\/revisions\/27756"}],"wp:attachment":[{"href":"http:\/\/www.lanuevaopcion.cl\/index.php?rest_route=%2Fwp%2Fv2%2Fmedia&parent=27755"}],"wp:term":[{"taxonomy":"category","embeddable":true,"href":"http:\/\/www.lanuevaopcion.cl\/index.php?rest_route=%2Fwp%2Fv2%2Fcategories&post=27755"},{"taxonomy":"post_tag","embeddable":true,"href":"http:\/\/www.lanuevaopcion.cl\/index.php?rest_route=%2Fwp%2Fv2%2Ftags&post=27755"}],"curies":[{"name":"wp","href":"https:\/\/api.w.org\/{rel}","templated":true}]}}