{"id":27725,"date":"2022-10-06T12:11:28","date_gmt":"2022-10-06T12:11:28","guid":{"rendered":"http:\/\/www.lanuevaopcion.cl\/?p=27725"},"modified":"2022-10-06T12:11:28","modified_gmt":"2022-10-06T12:11:28","slug":"soto-y-proceso-constitucional-%e2%80%9cno-va-a-haber-un-acuerdo-hasta-que-el-consenso-sea-completo%e2%80%9d","status":"publish","type":"post","link":"http:\/\/www.lanuevaopcion.cl\/?p=27725","title":{"rendered":"SOTO Y PROCESO CONSTITUCIONAL: \u201cNO VA A HABER UN ACUERDO HASTA QUE EL CONSENSO SEA COMPLETO\u201d"},"content":{"rendered":"<p><img loading=\"lazy\" decoding=\"async\"  alt=\"\" src=\"https:\/\/storage.googleapis.com\/lanacion-media-storage\/2022\/10\/2e6f8732-foto-soto-324x160.jpg\" class=\"alignleft\" width=\"324\" height=\"160\" \/ class=\"alignleft\" style=\"margin-right:15px;margin-bottom:10px;float:left;\" ><br \/>\nEl presidente de la C\u00e1mara de Diputados, Ra\u00fal Soto, se refiri\u00f3 a las \u00faltimas conversaciones realizadas en el Congreso para llegar a un acuerdo respecto a un nuevo proceso constituyente.<\/p>\n<p>En el programa V\u00eda P\u00fablica de 24 Horas, el parlamentario sostuvo que \u201cno va a haber un acuerdo hasta que el consenso sea completo, respecto del 100% del itinerario constitucional, es decir, tanto de las bases, como del \u00f3rgano y del rol de los expertos\u201d.<\/p>\n<p>\u201cAqu\u00ed hay un objetivo com\u00fan, que es dar una certidumbre al pa\u00eds respecto de un nuevo itinerario constitucional, que asegure un proceso mejor del que tuvimos\u201d, manifest\u00f3.<br \/>\n<!--more--><br \/>\nSoto explic\u00f3 que \u201cal mismo tiempo cuando ese consenso sea de, al menos, 4\/7, lo m\u00e1s amplio posible y transversal\u201d.<\/p>\n<p>Respecto a las cr\u00edticas sobre la supuesta exclusi\u00f3n de algunas fuerzas pol\u00edticas, indic\u00f3 que \u201ctodas las reuniones que hemos sostenido han sido con participaci\u00f3n de todas las fuerzas pol\u00edticas (\u2026) hemos respetado siempre las leg\u00edtimas diferencias\u201d.<\/p>\n<p>Ra\u00fal Soto tambi\u00e9n habl\u00f3 de la nueva pol\u00e9mica protagonizada por el diputado Gonzalo de la Carrera , se\u00f1alando que \u201clas diferencias se plantean con respeto, se plantean en un contexto de di\u00e1logo\u201d.<\/p>\n<p>Agreg\u00f3 que \u201chemos decidido hacer una propuesta de cambios reglamentarios, legales e incluso estamos analizando posibles cambios constitucionales para robustecer las sanciones\u201d.<\/p>\n<blockquote class=\"wp-embedded-content\" data-secret=\"GJCQ6JSMVn\"><p><a href=\"https:\/\/www.lanacion.cl\/soto-y-proceso-constitucional-no-va-a-haber-un-acuerdo-hasta-que-el-consenso-sea-completo\/\">Soto y proceso constitucional: \u201cNo va a haber un acuerdo hasta que el consenso sea completo\u201d<\/a><\/p><\/blockquote>\n<p><iframe loading=\"lazy\" class=\"wp-embedded-content\" sandbox=\"allow-scripts\" security=\"restricted\" style=\"position: absolute; visibility: hidden;\" title=\"&#8220;Soto y proceso constitucional: \u201cNo va a haber un acuerdo hasta que el consenso sea completo\u201d&#8221; &#8212; La Naci\u00f3n\" src=\"https:\/\/www.lanacion.cl\/soto-y-proceso-constitucional-no-va-a-haber-un-acuerdo-hasta-que-el-consenso-sea-completo\/embed\/#?secret=fs2ZfO6dfl#?secret=GJCQ6JSMVn\" data-secret=\"GJCQ6JSMVn\" width=\"500\" height=\"282\" frameborder=\"0\" marginwidth=\"0\" marginheight=\"0\" scrolling=\"no\"><\/iframe><br \/>\nFUENTE. LA NACION.CL<br \/>\nMEDIO DE DIFUSI\u00d3N , SIN FIN DE LUCRO ALGUNO <\/p>\n","protected":false},"excerpt":{"rendered":"<p>El presidente de la C\u00e1mara de Diputados, Ra\u00fal Soto, se refiri\u00f3 a las \u00faltimas conversaciones realizadas en el Congreso para llegar a un acuerdo respecto a un nuevo proceso constituyente. En el programa V\u00eda P\u00fablica de 24 Horas, el parlamentario sostuvo que \u201cno va a haber un acuerdo hasta que el consenso sea completo, respecto [&hellip;]<\/p>\n","protected":false},"author":51,"featured_media":0,"comment_status":"open","ping_status":"open","sticky":false,"template":"","format":"standard","meta":{"footnotes":""},"categories":[1],"tags":[163,25,165,1630,1635,93,1628,976,975],"class_list":["post-27725","post","type-post","status-publish","format-standard","hentry","category-uncategorized","tag-congreso","tag-delincuencia","tag-gobierno","tag-internacional","tag-nacional","tag-pais","tag-uncategorized","tag-presidente-camara-baja","tag-proceso-constitucional"],"_links":{"self":[{"href":"http:\/\/www.lanuevaopcion.cl\/index.php?rest_route=\/wp\/v2\/posts\/27725","targetHints":{"allow":["GET"]}}],"collection":[{"href":"http:\/\/www.lanuevaopcion.cl\/index.php?rest_route=\/wp\/v2\/posts"}],"about":[{"href":"http:\/\/www.lanuevaopcion.cl\/index.php?rest_route=\/wp\/v2\/types\/post"}],"author":[{"embeddable":true,"href":"http:\/\/www.lanuevaopcion.cl\/index.php?rest_route=\/wp\/v2\/users\/51"}],"replies":[{"embeddable":true,"href":"http:\/\/www.lanuevaopcion.cl\/index.php?rest_route=%2Fwp%2Fv2%2Fcomments&post=27725"}],"version-history":[{"count":1,"href":"http:\/\/www.lanuevaopcion.cl\/index.php?rest_route=\/wp\/v2\/posts\/27725\/revisions"}],"predecessor-version":[{"id":27726,"href":"http:\/\/www.lanuevaopcion.cl\/index.php?rest_route=\/wp\/v2\/posts\/27725\/revisions\/27726"}],"wp:attachment":[{"href":"http:\/\/www.lanuevaopcion.cl\/index.php?rest_route=%2Fwp%2Fv2%2Fmedia&parent=27725"}],"wp:term":[{"taxonomy":"category","embeddable":true,"href":"http:\/\/www.lanuevaopcion.cl\/index.php?rest_route=%2Fwp%2Fv2%2Fcategories&post=27725"},{"taxonomy":"post_tag","embeddable":true,"href":"http:\/\/www.lanuevaopcion.cl\/index.php?rest_route=%2Fwp%2Fv2%2Ftags&post=27725"}],"curies":[{"name":"wp","href":"https:\/\/api.w.org\/{rel}","templated":true}]}}