{"id":27666,"date":"2022-08-29T12:19:08","date_gmt":"2022-08-29T12:19:08","guid":{"rendered":"http:\/\/www.lanuevaopcion.cl\/?p=27666"},"modified":"2022-08-29T12:19:08","modified_gmt":"2022-08-29T12:19:08","slug":"fiscalia-abrio-investigacion-de-oficio-tras-perfomance-sexual-en-acto-de-apruebo-transformar-en-valparaiso","status":"publish","type":"post","link":"http:\/\/www.lanuevaopcion.cl\/?p=27666","title":{"rendered":"FISCAL\u00cdA ABRI\u00d3 INVESTIGACI\u00d3N DE OFICIO TRAS PERFOMANCE SEXUAL EN ACTO DE APRUEBO TRANSFORMAR EN VALPARA\u00cdSO"},"content":{"rendered":"<p><img loading=\"lazy\" decoding=\"async\"  alt=\"\" src=\"https:\/\/storage.googleapis.com\/lanacion-media-storage\/2022\/08\/da7e4ebf-foto-fiscal%C3%8Da-324x235.jpg\" class=\"alignleft\" width=\"324\" height=\"235\" \/ class=\"alignleft\" style=\"margin-right:15px;margin-bottom:10px;float:left;\" ><br \/>\nLa Fiscal\u00eda de Valpara\u00edso decidi\u00f3 este domingo abrir una investigaci\u00f3n de oficio por el pol\u00e9mico acto p\u00fablico realizado en Valpara\u00edso, en un evento organizado por simpatizantes de la opci\u00f3n del Apruebo en la Plaza Victoria de la ciudad puerto.<\/p>\n<p>\u201cAtendidos los hechos que se verificaron en el marco una actividad pol\u00edtica ayer en la comuna de Valpara\u00edso, sin perjuicio de las acciones que puedan impetrar algunos organismos del Estado, el Ministerio P\u00fablico ha decidido iniciar una investigaci\u00f3n de oficio por el delito de ultraje p\u00fablico a las buenas costumbres\u201d, explic\u00f3 el fiscal Jefe de Valpara\u00edso y actual fiscal regional subrogante, Cristi\u00e1n Andrade.<br \/>\n<!--more--><br \/>\nAnte la situaci\u00f3n, el fiscal Andrade a\u00f1adi\u00f3 que \u201csin perjuicio de que se pudieran verificar durante el transcurso de la investigaci\u00f3n otro tipo de delitos y part\u00edcipes\u201d.<\/p>\n<p>El pol\u00e9mico show, organizado por el comando \u201cApruebo Transformar\u201d, fue protagonizado por el grupo \u201cLas Indetectables\u201d en la noche del s\u00e1bado las que realizaron una performance sobre el escenario, donde una de sus integrantes le sac\u00f3 una bandera chilena desde el ano a otra simulando un aborto, arrojando luego el emblema patrio sobre los presentes.<\/p>\n<p>El Gobierno anunci\u00f3 la ma\u00f1ana de este domingo que presentar\u00eda una denuncia, invocando los art\u00edculos 373 y 495 del C\u00f3digo Penal. Estos sancionan a \u201clos que de cualquier modo ofendieren el pudor o las buenas costumbres con hechos de grave esc\u00e1ndalo o trascendencia, no comprendidos expresamente en otros art\u00edculos de este C\u00f3digo, sufrir\u00e1n la pena de reclusi\u00f3n menor en sus grados m\u00ednimo a medio\u201d.<\/p>\n<p>Asimismo, sanciona al que \u201cp\u00fablicamente ofendiere el pudor con acciones o dichos deshonestos\u201d.<\/p>\n<p>El Ministerio P\u00fablico inform\u00f3 que todas las denuncias que ingresen al respecto, ser\u00e1n agrupadas a la misma causa.<\/p>\n<blockquote class=\"wp-embedded-content\" data-secret=\"CEwIeV1BHF\"><p><a href=\"https:\/\/www.lanacion.cl\/fiscalia-abrio-investigacion-de-oficio-tras-perfomance-sexual-en-acto-de-apruebo-transformar-en-valparaiso\/\">Fiscal\u00eda abri\u00f3 investigaci\u00f3n de oficio tras perfomance sexual en acto de Apruebo Transformar en Valpara\u00edso<\/a><\/p><\/blockquote>\n<p><iframe loading=\"lazy\" class=\"wp-embedded-content\" sandbox=\"allow-scripts\" security=\"restricted\" style=\"position: absolute; visibility: hidden;\" title=\"&#8220;Fiscal\u00eda abri\u00f3 investigaci\u00f3n de oficio tras perfomance sexual en acto de Apruebo Transformar en Valpara\u00edso&#8221; &#8212; La Naci\u00f3n\" src=\"https:\/\/www.lanacion.cl\/fiscalia-abrio-investigacion-de-oficio-tras-perfomance-sexual-en-acto-de-apruebo-transformar-en-valparaiso\/embed\/#?secret=phIa9AFlpm#?secret=CEwIeV1BHF\" data-secret=\"CEwIeV1BHF\" width=\"500\" height=\"282\" frameborder=\"0\" marginwidth=\"0\" marginheight=\"0\" scrolling=\"no\"><\/iframe><br \/>\nFUENTE.LA NACION.CL<br \/>\nMEDIO DE DIFUSI\u00d3N , SIN FIN DE LUCRO ALGUNO <\/p>\n","protected":false},"excerpt":{"rendered":"<p>La Fiscal\u00eda de Valpara\u00edso decidi\u00f3 este domingo abrir una investigaci\u00f3n de oficio por el pol\u00e9mico acto p\u00fablico realizado en Valpara\u00edso, en un evento organizado por simpatizantes de la opci\u00f3n del Apruebo en la Plaza Victoria de la ciudad puerto. \u201cAtendidos los hechos que se verificaron en el marco una actividad pol\u00edtica ayer en la comuna [&hellip;]<\/p>\n","protected":false},"author":51,"featured_media":0,"comment_status":"open","ping_status":"open","sticky":false,"template":"","format":"standard","meta":{"footnotes":""},"categories":[8,9,16,1,11],"tags":[19,315,948],"class_list":["post-27666","post","type-post","status-publish","format-standard","hentry","category-cultura","category-educacion","category-nacional","category-uncategorized","category-tendencias","tag-add-new-tag","tag-fiscalia","tag-investigacion-de-oficio"],"_links":{"self":[{"href":"http:\/\/www.lanuevaopcion.cl\/index.php?rest_route=\/wp\/v2\/posts\/27666","targetHints":{"allow":["GET"]}}],"collection":[{"href":"http:\/\/www.lanuevaopcion.cl\/index.php?rest_route=\/wp\/v2\/posts"}],"about":[{"href":"http:\/\/www.lanuevaopcion.cl\/index.php?rest_route=\/wp\/v2\/types\/post"}],"author":[{"embeddable":true,"href":"http:\/\/www.lanuevaopcion.cl\/index.php?rest_route=\/wp\/v2\/users\/51"}],"replies":[{"embeddable":true,"href":"http:\/\/www.lanuevaopcion.cl\/index.php?rest_route=%2Fwp%2Fv2%2Fcomments&post=27666"}],"version-history":[{"count":1,"href":"http:\/\/www.lanuevaopcion.cl\/index.php?rest_route=\/wp\/v2\/posts\/27666\/revisions"}],"predecessor-version":[{"id":27667,"href":"http:\/\/www.lanuevaopcion.cl\/index.php?rest_route=\/wp\/v2\/posts\/27666\/revisions\/27667"}],"wp:attachment":[{"href":"http:\/\/www.lanuevaopcion.cl\/index.php?rest_route=%2Fwp%2Fv2%2Fmedia&parent=27666"}],"wp:term":[{"taxonomy":"category","embeddable":true,"href":"http:\/\/www.lanuevaopcion.cl\/index.php?rest_route=%2Fwp%2Fv2%2Fcategories&post=27666"},{"taxonomy":"post_tag","embeddable":true,"href":"http:\/\/www.lanuevaopcion.cl\/index.php?rest_route=%2Fwp%2Fv2%2Ftags&post=27666"}],"curies":[{"name":"wp","href":"https:\/\/api.w.org\/{rel}","templated":true}]}}