{"id":27575,"date":"2022-06-24T11:10:36","date_gmt":"2022-06-24T11:10:36","guid":{"rendered":"http:\/\/www.lanuevaopcion.cl\/?p=27575"},"modified":"2022-06-24T11:16:38","modified_gmt":"2022-06-24T11:16:38","slug":"alejandra-matus-se-refiere-a-huelga-en-la-red-%e2%80%9cvivimos-de-nuestros-salarios%e2%80%9d","status":"publish","type":"post","link":"http:\/\/www.lanuevaopcion.cl\/?p=27575","title":{"rendered":"ALEJANDRA MATUS SE REFIERE A HUELGA EN LA RED: \u201cVIVIMOS DE NUESTROS SALARIOS\u201d"},"content":{"rendered":"<p><img loading=\"lazy\" decoding=\"async\"  alt=\"\" src=\"https:\/\/storage.googleapis.com\/lanacion-media-storage\/2022\/06\/3250996b-alejandra-matus-218x150.png\" class=\"alignleft\" width=\"218\" height=\"150\" \/ class=\"alignleft\" style=\"margin-right:15px;margin-bottom:10px;float:left;\" ><br \/>\nLa periodista Alejandra Matus, integrante del programa \u201cPauta Libre\u201d de La Red, se refiri\u00f3 a la huelga de trabajadores del canal, quienes acusan sueldos impagos por parte de la empresa y que a\u00fan no llega a un acuerdo que termine con la paralizaci\u00f3n.<\/p>\n<p>A trav\u00e9s de su cuenta de Twitter, la periodista public\u00f3 algunas reflexiones sobre este hecho: \u201cTrabajadores de La Red estamos unidos en paro por regularizaci\u00f3n de nuestros sueldos, aquellos con contrato y sindicalizados y quienes estamos a honorarios\u201d, admiti\u00f3.<br \/>\n<!--more--><br \/>\nDe esta forma, confirm\u00f3 que la crisis tambi\u00e9n afecta a algunos rostros del canal, puesto que hab\u00edan sido duramente criticados por no emitir comentarios. \u201cSomos trabajadores de las comunicaciones y vivimos de nuestro salario. No conozco a nadie en el canal que sea<\/p>\n<blockquote class=\"wp-embedded-content\" data-secret=\"JR0QXvHiQX\"><p><a href=\"https:\/\/www.lanacion.cl\/alejandra-matus-se-refiere-a-huelga-en-la-red-vivimos-de-nuestros-salarios\/\">Alejandra Matus se refiere a huelga en La Red: &#8220;Vivimos de nuestros salarios&#8221;<\/a><\/p><\/blockquote>\n<p><iframe loading=\"lazy\" class=\"wp-embedded-content\" sandbox=\"allow-scripts\" security=\"restricted\" style=\"position: absolute; visibility: hidden;\" title=\"&#8220;Alejandra Matus se refiere a huelga en La Red: &#8220;Vivimos de nuestros salarios&#8221;&#8221; &#8212; La Naci\u00f3n\" src=\"https:\/\/www.lanacion.cl\/alejandra-matus-se-refiere-a-huelga-en-la-red-vivimos-de-nuestros-salarios\/embed\/#?secret=MNv9B876wQ#?secret=JR0QXvHiQX\" data-secret=\"JR0QXvHiQX\" width=\"500\" height=\"282\" frameborder=\"0\" marginwidth=\"0\" marginheight=\"0\" scrolling=\"no\"><\/iframe><br \/>\nFUENTE. LA NACION.CL<br \/>\nMEDIO DE DIFUSI\u00d3N , SIN FIN DE LUCRO ALGUNO <\/p>\n","protected":false},"excerpt":{"rendered":"<p>La periodista Alejandra Matus, integrante del programa \u201cPauta Libre\u201d de La Red, se refiri\u00f3 a la huelga de trabajadores del canal, quienes acusan sueldos impagos por parte de la empresa y que a\u00fan no llega a un acuerdo que termine con la paralizaci\u00f3n. A trav\u00e9s de su cuenta de Twitter, la periodista public\u00f3 algunas reflexiones [&hellip;]<\/p>\n","protected":false},"author":51,"featured_media":0,"comment_status":"open","ping_status":"open","sticky":false,"template":"","format":"standard","meta":{"footnotes":""},"categories":[8,9,16,1,31,11],"tags":[911,774],"class_list":["post-27575","post","type-post","status-publish","format-standard","hentry","category-cultura","category-educacion","category-nacional","category-uncategorized","category-salud","category-tendencias","tag-la-red-huelga","tag-periodista"],"_links":{"self":[{"href":"http:\/\/www.lanuevaopcion.cl\/index.php?rest_route=\/wp\/v2\/posts\/27575","targetHints":{"allow":["GET"]}}],"collection":[{"href":"http:\/\/www.lanuevaopcion.cl\/index.php?rest_route=\/wp\/v2\/posts"}],"about":[{"href":"http:\/\/www.lanuevaopcion.cl\/index.php?rest_route=\/wp\/v2\/types\/post"}],"author":[{"embeddable":true,"href":"http:\/\/www.lanuevaopcion.cl\/index.php?rest_route=\/wp\/v2\/users\/51"}],"replies":[{"embeddable":true,"href":"http:\/\/www.lanuevaopcion.cl\/index.php?rest_route=%2Fwp%2Fv2%2Fcomments&post=27575"}],"version-history":[{"count":2,"href":"http:\/\/www.lanuevaopcion.cl\/index.php?rest_route=\/wp\/v2\/posts\/27575\/revisions"}],"predecessor-version":[{"id":27577,"href":"http:\/\/www.lanuevaopcion.cl\/index.php?rest_route=\/wp\/v2\/posts\/27575\/revisions\/27577"}],"wp:attachment":[{"href":"http:\/\/www.lanuevaopcion.cl\/index.php?rest_route=%2Fwp%2Fv2%2Fmedia&parent=27575"}],"wp:term":[{"taxonomy":"category","embeddable":true,"href":"http:\/\/www.lanuevaopcion.cl\/index.php?rest_route=%2Fwp%2Fv2%2Fcategories&post=27575"},{"taxonomy":"post_tag","embeddable":true,"href":"http:\/\/www.lanuevaopcion.cl\/index.php?rest_route=%2Fwp%2Fv2%2Ftags&post=27575"}],"curies":[{"name":"wp","href":"https:\/\/api.w.org\/{rel}","templated":true}]}}