{"id":27570,"date":"2022-06-22T13:44:03","date_gmt":"2022-06-22T13:44:03","guid":{"rendered":"http:\/\/www.lanuevaopcion.cl\/?p=27570"},"modified":"2022-06-22T13:44:03","modified_gmt":"2022-06-22T13:44:03","slug":"polemica-genera-resolucion-que-cambia-nombre-administrativo-de-%e2%80%9cprimera-dama%e2%80%9d-por-%e2%80%9cgabinete-irina-karamanos%e2%80%9d","status":"publish","type":"post","link":"http:\/\/www.lanuevaopcion.cl\/?p=27570","title":{"rendered":"POL\u00c9MICA GENERA RESOLUCI\u00d3N QUE CAMBIA NOMBRE ADMINISTRATIVO DE \u201cPRIMERA DAMA\u201d POR \u201cGABINETE IRINA KARAMANOS\u201d"},"content":{"rendered":"<p><img loading=\"lazy\" decoding=\"async\"  alt=\"\" src=\"https:\/\/storage.googleapis.com\/lanacion-media-storage\/2022\/06\/f6aa3fd9-foto-karamanos-324x160.jpg\" class=\"alignleft\" width=\"324\" height=\"160\" \/ class=\"alignleft\" style=\"margin-right:15px;margin-bottom:10px;float:left;\" ><br \/>\nLa Resoluci\u00f3n Exenta N\u00b0 442, con fecha 30 de marzo de 2022, que fue dada a conocer este martes por la Direcci\u00f3n Administrativa de la Presidencia ha provocado variadas cr\u00edticas debido a que reemplaza el t\u00e9rmino \u201cGabinete de la Primera Dama\u201d por \u201cGabinete Irina Karamanos\u201d.<\/p>\n<p>Dicha resoluci\u00f3n plantea una serie de modificaciones a la Resoluci\u00f3n Exenta N\u00b0 978, de 2018, la cual ya hab\u00eda sufrido cambios en 2021, en el cual se define el nombre y las funciones del cargo primera dama.<br \/>\n<!--more--><br \/>\nUno de los principales cambios en el nuevo documento es el de la denominaci\u00f3n de \u201cGabinete de la Primera Dama\u201d por el de \u201cGabinete Irina Karamanos\u201d.Despu\u00e9s, tras dos numerales se reemplaza \u201cPrimera Dama\u201d por \u201cIrina Karamanos\u201d.<\/p>\n<p>La pareja del Presidente Gabriel Boric hab\u00eda manifestado en enero pasado que le gustar\u00eda reformular el cargo de primera dama. \u201cHay que darle un giro diferente y m\u00e1s contempor\u00e1neo a este rol, despersonalizarlo, y esto va a significar cambiar tambi\u00e9n la relaci\u00f3n con el poder y tambi\u00e9n cambiar la forma en que vemos la relaci\u00f3n entre el poder y las mujeres que hacemos pol\u00edtica\u201d, afirm\u00f3.<\/p>\n<p>Agreg\u00f3 que \u201cesto va a implicar tambi\u00e9n modernizaci\u00f3n, probidad, y trabajar por una mayor transparencia sobre el ejercicio del poder, abriendo espacios\u201d.<\/p>\n<p>La resoluci\u00f3n tambi\u00e9n establece cambios en la funci\u00f3n del \u201cGabinete Irina Karamanos\u201d, que ahora tendr\u00e1 que \u201cidentificar, proponer y coordinar lineamientos estrat\u00e9gicos y definiciones program\u00e1ticas para pol\u00edticas p\u00fablicas, con el objeto de aportar a la erradicaci\u00f3n de la desigualdad y la discriminaci\u00f3n de grupos hist\u00f3ricamente excluidos, con enfoque interseccional, de derechos humanos y perspectiva de g\u00e9neros inicialmente con \u00e9nfasis en pueblos ind\u00edgenas, migraci\u00f3n, g\u00e9nero y diversidad sexo-gen\u00e9rica\u201d.<\/p>\n<p>Tambi\u00e9n \u201casumir\u00e1 el rol ceremonial y protocolar de acuerdo a la tradici\u00f3n republicana de Chile en las actividades oficiales nacionales e internacionales\u201d.<\/p>\n<p>Dicho documento provoc\u00f3 diversas cr\u00edticas en el mundo pol\u00edtico. El senador y timonel de RN, Francisco Chahu\u00e1n, expres\u00f3 a trav\u00e9s de Twitter que es \u201cuna nueva muestra de la desconexi\u00f3n total del gobierno con el mandato ciudadano, cambiando la instituci\u00f3n de la primera dama por \u2018Gabinete Irina Karamanos\u2019. Las instituciones quedan y las personas pasan\u201d.<\/p>\n<p>El diputado Juan Antonio Coloma (UDI) indic\u00f3 que \u201ccambiar el nombre del cargo \u2018Primera dama\u2019 por \u2018Irina Karamanos\u2019 es propio de una #Monarqu\u00eda. Impresentable\u201d. A\u00f1adi\u00f3 que recurrir\u00e1 a la Contralor\u00eda.<\/p>\n<p>Jos\u00e9 Antonio Kast, excandidato presidencial del Partido Republicano, escribi\u00f3: \u201c\u00bfEn qu\u00e9 momento nuestra Rep\u00fablica se convirti\u00f3 en una Monarqu\u00eda? \u00bfPor qu\u00e9 Irina Karamanos tiene un gabinete con nombre y apellido? \u00bfPor qu\u00e9 el Estado est\u00e1 al servicio de ellos y no de los chilenos? Qu\u00e9 verg\u00fcenza\u201d.<\/p>\n<p>En tanto, el senador Mat\u00edas Walker (DC) dijo que \u201cuna cosa es pretender terminar con instituciones democr\u00e1ticas con siglos de historia; pero reemplazar el car\u00e1cter impersonal de las instituciones es un error, tan esencial, que no cabe sino otra opci\u00f3n que subsanar ma\u00f1ana mismo\u201d.<\/p>\n<blockquote class=\"wp-embedded-content\" data-secret=\"vlFhqnWeRf\"><p><a href=\"https:\/\/www.lanacion.cl\/polemica-genera-resolucion-que-cambia-nombre-administrativo-de-primera-dama-por-gabinete-irina-karamanos\/\">Pol\u00e9mica genera resoluci\u00f3n que cambia nombre administrativo de \u201cPrimera dama\u201d por \u201cGabinete Irina Karamanos\u201d<\/a><\/p><\/blockquote>\n<p><iframe loading=\"lazy\" class=\"wp-embedded-content\" sandbox=\"allow-scripts\" security=\"restricted\" style=\"position: absolute; visibility: hidden;\" title=\"&#8220;Pol\u00e9mica genera resoluci\u00f3n que cambia nombre administrativo de \u201cPrimera dama\u201d por \u201cGabinete Irina Karamanos\u201d&#8221; &#8212; La Naci\u00f3n\" src=\"https:\/\/www.lanacion.cl\/polemica-genera-resolucion-que-cambia-nombre-administrativo-de-primera-dama-por-gabinete-irina-karamanos\/embed\/#?secret=19AwDFpcEW#?secret=vlFhqnWeRf\" data-secret=\"vlFhqnWeRf\" width=\"500\" height=\"282\" frameborder=\"0\" marginwidth=\"0\" marginheight=\"0\" scrolling=\"no\"><\/iframe><br \/>\nFUENTE. LA NACION.CL<br \/>\nMEDIO DE DIFUSI\u00d3N , SIN FIN DE LUCRO ALGUNO <\/p>\n","protected":false},"excerpt":{"rendered":"<p>La Resoluci\u00f3n Exenta N\u00b0 442, con fecha 30 de marzo de 2022, que fue dada a conocer este martes por la Direcci\u00f3n Administrativa de la Presidencia ha provocado variadas cr\u00edticas debido a que reemplaza el t\u00e9rmino \u201cGabinete de la Primera Dama\u201d por \u201cGabinete Irina Karamanos\u201d. Dicha resoluci\u00f3n plantea una serie de modificaciones a la Resoluci\u00f3n [&hellip;]<\/p>\n","protected":false},"author":51,"featured_media":0,"comment_status":"open","ping_status":"open","sticky":false,"template":"","format":"standard","meta":{"footnotes":""},"categories":[8,9,16,1,31,11],"tags":[910],"class_list":["post-27570","post","type-post","status-publish","format-standard","hentry","category-cultura","category-educacion","category-nacional","category-uncategorized","category-salud","category-tendencias","tag-resolucion-exenta-n442-300322"],"_links":{"self":[{"href":"http:\/\/www.lanuevaopcion.cl\/index.php?rest_route=\/wp\/v2\/posts\/27570","targetHints":{"allow":["GET"]}}],"collection":[{"href":"http:\/\/www.lanuevaopcion.cl\/index.php?rest_route=\/wp\/v2\/posts"}],"about":[{"href":"http:\/\/www.lanuevaopcion.cl\/index.php?rest_route=\/wp\/v2\/types\/post"}],"author":[{"embeddable":true,"href":"http:\/\/www.lanuevaopcion.cl\/index.php?rest_route=\/wp\/v2\/users\/51"}],"replies":[{"embeddable":true,"href":"http:\/\/www.lanuevaopcion.cl\/index.php?rest_route=%2Fwp%2Fv2%2Fcomments&post=27570"}],"version-history":[{"count":1,"href":"http:\/\/www.lanuevaopcion.cl\/index.php?rest_route=\/wp\/v2\/posts\/27570\/revisions"}],"predecessor-version":[{"id":27571,"href":"http:\/\/www.lanuevaopcion.cl\/index.php?rest_route=\/wp\/v2\/posts\/27570\/revisions\/27571"}],"wp:attachment":[{"href":"http:\/\/www.lanuevaopcion.cl\/index.php?rest_route=%2Fwp%2Fv2%2Fmedia&parent=27570"}],"wp:term":[{"taxonomy":"category","embeddable":true,"href":"http:\/\/www.lanuevaopcion.cl\/index.php?rest_route=%2Fwp%2Fv2%2Fcategories&post=27570"},{"taxonomy":"post_tag","embeddable":true,"href":"http:\/\/www.lanuevaopcion.cl\/index.php?rest_route=%2Fwp%2Fv2%2Ftags&post=27570"}],"curies":[{"name":"wp","href":"https:\/\/api.w.org\/{rel}","templated":true}]}}