{"id":27567,"date":"2022-06-17T17:01:47","date_gmt":"2022-06-17T17:01:47","guid":{"rendered":"http:\/\/www.lanuevaopcion.cl\/?p=27567"},"modified":"2022-06-17T17:03:06","modified_gmt":"2022-06-17T17:03:06","slug":"gobierno-desvincula-a-abogado-que-%e2%80%9cse-quedo-dormido%e2%80%9d-y-no-se-querello-por-el-crimen-del-carabinero-francisco-benavides","status":"publish","type":"post","link":"http:\/\/www.lanuevaopcion.cl\/?p=27567","title":{"rendered":"GOBIERNO DESVINCULA A ABOGADO QUE \u201cSE QUED\u00d3 DORMIDO\u201d Y NO SE QUERELL\u00d3 POR EL CRIMEN DEL CARABINERO FRANCISCO BENAVIDES"},"content":{"rendered":"<p><img loading=\"lazy\" decoding=\"async\"  alt=\"\" src=\"https:\/\/storage.googleapis.com\/lanacion-media-storage\/2021\/10\/146f5a71-foto-benavides-324x160.jpg\" class=\"alignleft\" width=\"324\" height=\"160\" \/ class=\"alignleft\" style=\"margin-right:15px;margin-bottom:10px;float:left;\" ><br \/>\nEl Ministerio del Interior pidi\u00f3 la renuncia a un abogado que se qued\u00f3 dormido y no solicit\u00f3 la presencia del Ejecutivo como querellante en el caso del crimen del suboficial de Carabineros, Francisco Benavides.<\/p>\n<p>El subsecretario del Interior, Manuel Monsalve, confirm\u00f3 este viernes que desde el Ejecutivo optaron por desvincular al abogado de Gobierno, Luis Mart\u00ednez Pezo, tras ausentarse en su acusaci\u00f3n como representante de la Delegaci\u00f3n Presidencial de La Araucan\u00eda por el caso del asesinato del suboficial, ocurrido en mayo del 2021.<br \/>\n<!--more--><br \/>\nLa pol\u00e9mica surgi\u00f3 luego de que el jurista no presentara la acusaci\u00f3n contra los hermanos Heriberto y Mat\u00edas Ancalaf, hijos del exl\u00edder de la Coordinadora Arauco Malleco (CAM), V\u00edctor Ancalaf.<\/p>\n<p>Esto, luego de que Mart\u00ednez Pezo se quedara dormido tras recibir un analg\u00e9sico intravenoso por malestares.<\/p>\n<p>De acuerdo a Radio Biob\u00edo, los abogados de Gobierno, ten\u00edan plazo desde el 30 de abril hasta el lunes 13 de junio para ingresar la acusaci\u00f3n y sumarse a la presentada por Fiscal\u00eda.<\/p>\n<p>Al esperar hasta el \u00faltimo d\u00eda, el abogado Luis Mart\u00ednez no lleg\u00f3 a tiempo, y present\u00f3 el documento ante el Tribunal de Garant\u00eda de Collipulli, el d\u00eda siguiente al plazo.<\/p>\n<p>La explicaci\u00f3n del atraso, la fundament\u00f3 en que hab\u00eda consumido un medicamento intravenoso para un malestar, que \u201cme hizo caer en un profundo sue\u00f1o y dormir sin interrupciones hasta por los menos las 6.30 AM del d\u00eda martes 14 de junio de 2022\u201d.<\/p>\n<p>Pese a la excusa, el hecho no estuvo exento de consecuencias. El subsecretario Monsalve declar\u00f3 este viernes que \u201cnos parece una falta inexcusable, por lo tanto, el Ministerio ha tomado la decisi\u00f3n de desvincular al abogado\u201d.<\/p>\n<p>Adem\u00e1s, el hecho recibi\u00f3 fuertes cr\u00edticas de parlamentarios. Uno de ellos es el diputado republicano Mauricio Ojeda, quien coment\u00f3 que \u201cni en la ense\u00f1anza b\u00e1sica me atrev\u00ed a tanto. Justo el abogado se enferm\u00f3 el \u00faltimo d\u00eda de plazo y el Gobierno podr\u00eda quedar fuera por caso de asesinato de Carabinero. Vergonzoso e inaceptable\u201d.<\/p>\n<p>Otras cr\u00edticas llegaron desde el movimiento \u201cProgresismo con Progreso\u201d, quienes manifestaron: \u201cEl abogado a cargo de presentar acusaci\u00f3n por asesinato de carabinero se qued\u00f3 dormido, \u00bfno habr\u00e1n clases de puntualidad?\u201d.<\/p>\n<p>El exministro de Bienes Nacionales, Julio Isamit, tambi\u00e9n pronunci\u00f3 su descontento diciendo que \u201cen momentos en que el Gobierno deb\u00eda dar una se\u00f1al clara: perseguir al asesino de un carabinero y as\u00ed respaldar en los hechos y no solo con palabras la labor de esos miles de hombres y mujeres, su abogado, sencillamente, se qued\u00f3 dormido\u2026 \u00a1una verg\u00fcenza!\u201d.<\/p>\n<blockquote class=\"wp-embedded-content\" data-secret=\"ONZNW7Ivl2\"><p><a href=\"https:\/\/www.lanacion.cl\/gobierno-desvincula-a-abogado-que-se-quedo-dormido-y-no-se-querello-por-el-crimen-del-carabinero-francisco-benavides\/\">Gobierno desvincula a abogado que \u201cse qued\u00f3 dormido\u201d y no se querell\u00f3 por el crimen del carabinero Francisco Benavides<\/a><\/p><\/blockquote>\n<p><iframe loading=\"lazy\" class=\"wp-embedded-content\" sandbox=\"allow-scripts\" security=\"restricted\" style=\"position: absolute; visibility: hidden;\" title=\"&#8220;Gobierno desvincula a abogado que \u201cse qued\u00f3 dormido\u201d y no se querell\u00f3 por el crimen del carabinero Francisco Benavides&#8221; &#8212; La Naci\u00f3n\" src=\"https:\/\/www.lanacion.cl\/gobierno-desvincula-a-abogado-que-se-quedo-dormido-y-no-se-querello-por-el-crimen-del-carabinero-francisco-benavides\/embed\/#?secret=Oy5Tvx8X8P#?secret=ONZNW7Ivl2\" data-secret=\"ONZNW7Ivl2\" width=\"500\" height=\"282\" frameborder=\"0\" marginwidth=\"0\" marginheight=\"0\" scrolling=\"no\"><\/iframe><br \/>\nFUENTE. LA NACION.CL<br \/>\nMEDIO DE DIFUSI\u00d3N , SIN FIN DE LUCRO ALGUNO <\/p>\n","protected":false},"excerpt":{"rendered":"<p>El Ministerio del Interior pidi\u00f3 la renuncia a un abogado que se qued\u00f3 dormido y no solicit\u00f3 la presencia del Ejecutivo como querellante en el caso del crimen del suboficial de Carabineros, Francisco Benavides. El subsecretario del Interior, Manuel Monsalve, confirm\u00f3 este viernes que desde el Ejecutivo optaron por desvincular al abogado de Gobierno, Luis [&hellip;]<\/p>\n","protected":false},"author":51,"featured_media":0,"comment_status":"open","ping_status":"open","sticky":false,"template":"","format":"standard","meta":{"footnotes":""},"categories":[8,9,16,30,1,31,11],"tags":[909],"class_list":["post-27567","post","type-post","status-publish","format-standard","hentry","category-cultura","category-educacion","category-nacional","category-policial","category-uncategorized","category-salud","category-tendencias","tag-abogado-se-quedo-dormido"],"_links":{"self":[{"href":"http:\/\/www.lanuevaopcion.cl\/index.php?rest_route=\/wp\/v2\/posts\/27567","targetHints":{"allow":["GET"]}}],"collection":[{"href":"http:\/\/www.lanuevaopcion.cl\/index.php?rest_route=\/wp\/v2\/posts"}],"about":[{"href":"http:\/\/www.lanuevaopcion.cl\/index.php?rest_route=\/wp\/v2\/types\/post"}],"author":[{"embeddable":true,"href":"http:\/\/www.lanuevaopcion.cl\/index.php?rest_route=\/wp\/v2\/users\/51"}],"replies":[{"embeddable":true,"href":"http:\/\/www.lanuevaopcion.cl\/index.php?rest_route=%2Fwp%2Fv2%2Fcomments&post=27567"}],"version-history":[{"count":2,"href":"http:\/\/www.lanuevaopcion.cl\/index.php?rest_route=\/wp\/v2\/posts\/27567\/revisions"}],"predecessor-version":[{"id":27569,"href":"http:\/\/www.lanuevaopcion.cl\/index.php?rest_route=\/wp\/v2\/posts\/27567\/revisions\/27569"}],"wp:attachment":[{"href":"http:\/\/www.lanuevaopcion.cl\/index.php?rest_route=%2Fwp%2Fv2%2Fmedia&parent=27567"}],"wp:term":[{"taxonomy":"category","embeddable":true,"href":"http:\/\/www.lanuevaopcion.cl\/index.php?rest_route=%2Fwp%2Fv2%2Fcategories&post=27567"},{"taxonomy":"post_tag","embeddable":true,"href":"http:\/\/www.lanuevaopcion.cl\/index.php?rest_route=%2Fwp%2Fv2%2Ftags&post=27567"}],"curies":[{"name":"wp","href":"https:\/\/api.w.org\/{rel}","templated":true}]}}