{"id":27559,"date":"2022-06-10T12:17:24","date_gmt":"2022-06-10T12:17:24","guid":{"rendered":"http:\/\/www.lanuevaopcion.cl\/?p=27559"},"modified":"2022-06-10T12:17:24","modified_gmt":"2022-06-10T12:17:24","slug":"de-gregorio-y-gobierno-%e2%80%9ces-distinto-de-esa-izquierda-populista%e2%80%9d-de-otros-paises","status":"publish","type":"post","link":"http:\/\/www.lanuevaopcion.cl\/?p=27559","title":{"rendered":"DE GREGORIO Y GOBIERNO: \u201cES DISTINTO DE ESA IZQUIERDA POPULISTA\u201d DE OTROS PA\u00cdSES"},"content":{"rendered":"<p><img loading=\"lazy\" decoding=\"async\"  alt=\"\" src=\"https:\/\/storage.googleapis.com\/lanacion-media-storage\/2022\/06\/c4522f30-foto-de-gregorio-324x160.jpg\" class=\"alignleft\" width=\"324\" height=\"160\" \/ class=\"alignleft\" style=\"margin-right:15px;margin-bottom:10px;float:left;\" ><br \/>\nEl expresidente del Banco Central, Jos\u00e9 De Gregorio, tuvo buenos comentarios para el Gobierno del Presidente Boric, asegurando que lo hecho por la actual administraci\u00f3n se distancia de algunas otras de la regi\u00f3n, que el economista calific\u00f3 de \u201cpopulistas\u201d.<\/p>\n<p>En di\u00e1logo con Radio Cooperativa, el extriministro durante el gobierno de Ricardo Lagos se\u00f1al\u00f3 que \u201cclaramente este gobierno es muy distinto de lo que se le trata de pintar, de esa izquierda populista de algunas partes de la regi\u00f3n, que es bastante lamentable\u201d.<br \/>\n<!--more--><br \/>\n\u201cEso lo tienen clar\u00edsimo. Es una nueva izquierda. Creo que hay una gran posibilidad de liderar un proyecto de izquierda\u201d, resalt\u00f3 el profesional.<\/p>\n<p>Sobre los dichos de Boric en Estados Unidos respecto de la confiabilidad de Chile y su apertura a la inversi\u00f3n extranjera, asegur\u00f3 que es \u201cuna afirmaci\u00f3n muy importante\u201d.<\/p>\n<p>\u201cSe tiene que ver tambi\u00e9n en las cosas que uno hace en materia de pol\u00edtica econ\u00f3mica. Si uno ve las declaraciones del ministro Grau, los esfuerzos que est\u00e1n haciendo, las declaraciones del ministro Marcel\u201d, profundiz\u00f3.<\/p>\n<p>Adem\u00e1s, expuso que \u201cuno est\u00e1 claro que este es un gobierno que obviamente est\u00e1 comprometido y que entiende que toda la agenda social, todas las buenas intenciones con cambios bastante profundos no se van a lograr, o no van a tener \u00e9xito si esta econom\u00eda no tiene crecimiento, que no va a ser el que tuvimos en el pasado\u201d.<\/p>\n<blockquote class=\"wp-embedded-content\" data-secret=\"IvOoan924w\"><p><a href=\"https:\/\/www.lanacion.cl\/de-gregorio-y-gobierno-es-distinto-de-esa-izquierda-populista-de-otros-paises\/\">De Gregorio y Gobierno: &#8220;Es distinto de esa izquierda populista&#8221; de otros pa\u00edses<\/a><\/p><\/blockquote>\n<p><iframe loading=\"lazy\" class=\"wp-embedded-content\" sandbox=\"allow-scripts\" security=\"restricted\" style=\"position: absolute; visibility: hidden;\" title=\"&#8220;De Gregorio y Gobierno: &#8220;Es distinto de esa izquierda populista&#8221; de otros pa\u00edses&#8221; &#8212; La Naci\u00f3n\" src=\"https:\/\/www.lanacion.cl\/de-gregorio-y-gobierno-es-distinto-de-esa-izquierda-populista-de-otros-paises\/embed\/#?secret=nTxtEozWzM#?secret=IvOoan924w\" data-secret=\"IvOoan924w\" width=\"500\" height=\"282\" frameborder=\"0\" marginwidth=\"0\" marginheight=\"0\" scrolling=\"no\"><\/iframe><br \/>\nFUENTE. LA NACION.CL<br \/>\nMEDIO DE DIFUSI\u00d3N, SIN FIN DE LUCRO ALGUNO <\/p>\n","protected":false},"excerpt":{"rendered":"<p>El expresidente del Banco Central, Jos\u00e9 De Gregorio, tuvo buenos comentarios para el Gobierno del Presidente Boric, asegurando que lo hecho por la actual administraci\u00f3n se distancia de algunas otras de la regi\u00f3n, que el economista calific\u00f3 de \u201cpopulistas\u201d. En di\u00e1logo con Radio Cooperativa, el extriministro durante el gobierno de Ricardo Lagos se\u00f1al\u00f3 que \u201cclaramente [&hellip;]<\/p>\n","protected":false},"author":51,"featured_media":0,"comment_status":"open","ping_status":"open","sticky":false,"template":"","format":"standard","meta":{"footnotes":""},"categories":[4,9,16,1,31,11],"tags":[],"class_list":["post-27559","post","type-post","status-publish","format-standard","hentry","category-economia","category-educacion","category-nacional","category-uncategorized","category-salud","category-tendencias"],"_links":{"self":[{"href":"http:\/\/www.lanuevaopcion.cl\/index.php?rest_route=\/wp\/v2\/posts\/27559","targetHints":{"allow":["GET"]}}],"collection":[{"href":"http:\/\/www.lanuevaopcion.cl\/index.php?rest_route=\/wp\/v2\/posts"}],"about":[{"href":"http:\/\/www.lanuevaopcion.cl\/index.php?rest_route=\/wp\/v2\/types\/post"}],"author":[{"embeddable":true,"href":"http:\/\/www.lanuevaopcion.cl\/index.php?rest_route=\/wp\/v2\/users\/51"}],"replies":[{"embeddable":true,"href":"http:\/\/www.lanuevaopcion.cl\/index.php?rest_route=%2Fwp%2Fv2%2Fcomments&post=27559"}],"version-history":[{"count":1,"href":"http:\/\/www.lanuevaopcion.cl\/index.php?rest_route=\/wp\/v2\/posts\/27559\/revisions"}],"predecessor-version":[{"id":27560,"href":"http:\/\/www.lanuevaopcion.cl\/index.php?rest_route=\/wp\/v2\/posts\/27559\/revisions\/27560"}],"wp:attachment":[{"href":"http:\/\/www.lanuevaopcion.cl\/index.php?rest_route=%2Fwp%2Fv2%2Fmedia&parent=27559"}],"wp:term":[{"taxonomy":"category","embeddable":true,"href":"http:\/\/www.lanuevaopcion.cl\/index.php?rest_route=%2Fwp%2Fv2%2Fcategories&post=27559"},{"taxonomy":"post_tag","embeddable":true,"href":"http:\/\/www.lanuevaopcion.cl\/index.php?rest_route=%2Fwp%2Fv2%2Ftags&post=27559"}],"curies":[{"name":"wp","href":"https:\/\/api.w.org\/{rel}","templated":true}]}}