{"id":27541,"date":"2022-05-30T12:39:30","date_gmt":"2022-05-30T12:39:30","guid":{"rendered":"http:\/\/www.lanuevaopcion.cl\/?p=27541"},"modified":"2022-05-30T12:39:30","modified_gmt":"2022-05-30T12:39:30","slug":"mirosevic-gobierno-no-comparte-quorum-de-23-para-reformar-nueva-constitucion","status":"publish","type":"post","link":"http:\/\/www.lanuevaopcion.cl\/?p=27541","title":{"rendered":"MIROSEVIC: GOBIERNO NO COMPARTE QU\u00d3RUM DE 2\/3 PARA REFORMAR NUEVA CONSTITUCI\u00d3N"},"content":{"rendered":"<p><img loading=\"lazy\" decoding=\"async\"  alt=\"\" src=\"https:\/\/media.elmostrador.cl\/2020\/05\/mirosevic-mascarilla-450x300.jpg\" class=\"alignleft\" width=\"450\" height=\"300\" \/ class=\"alignleft\" style=\"margin-right:15px;margin-bottom:10px;float:left;\" ><br \/>\nEl diputado Vlado Mirosevic, del Partido Liberal (PL), afirm\u00f3 que el Gobierno les inform\u00f3 a las bancadas oficialistas que no comparte la propuesta de establecer un qu\u00f3rum de dos tercios para que el actual Congreso pueda realizar cambios a la nueva Constituci\u00f3n.<\/p>\n<p>Se trata de la indicaci\u00f3n n\u00famero 4, que fija un guarismo supramayoritario para que los parlamentarios en ejercicio puedan realizar reformas constitucionales. Dicha norma regir\u00e1 hasta que asuma el nuevo Poder Legislativo en 2026, cuando comience a regir un qu\u00f3rum m\u00e1s bajo que a\u00fan no se ha determinado por la instancia.<br \/>\n<!--more--><br \/>\nLa propuesta fue aprobada por la Comisi\u00f3n de Normas Transitorias con 24 votos a favor y cinco en contra, y ahora debe ser votada por el Pleno del \u00f3rgano constituyente.<\/p>\n<p>Al respecto y tras una reuni\u00f3n en La Moneda, el diputado Mirosevic se\u00f1al\u00f3 que \u201cel ministro (Giorgio) Jackson nos confirma a las bancadas oficialistas que el Gobierno no est\u00e1 de acuerdo con la propuesta de imponerle al Congreso 2\/3 durante los primeros a\u00f1os para hacer reformas constitucionales\u201d.<\/p>\n<p>\u201cEl Gobierno no comparte y no est\u00e1 en la propuesta original que le hizo de art\u00edculos transitorios a la Convenci\u00f3n y, por lo tanto, est\u00e1 absolutamente confirmado. Nosotros no lo compartimos y el Gobierno nos confirma que tampoco comparte esta propuesta que defendi\u00f3 con harta vehemencia Fernando Atria\u201d, a\u00f1adi\u00f3, calificando la decisi\u00f3n del Ejecutivo como una \u201cbuena se\u00f1al\u201d.<\/p>\n<p>El convencional Fernando Atria hab\u00eda indicado v\u00eda redes sociales que el q\u00faorum de dos tercios se trata de \u201cun modo de proteger la Constituci\u00f3n de instituciones que no tienen razones para tener lealtad con ella, a la espera de instituciones que, por ser creadas por la nueva Constituci\u00f3n, si es razonable esperar que la tengan\u201d.<\/p>\n<p>Dichos que debi\u00f3 matizar en Radio Infinita, donde asegur\u00f3 que \u201cyo no dije que el Congreso no tuviera lealtad, pero s\u00ed que no tuviera razones para ser leal, como s\u00ed va a tener razones para ser leal la nueva instituci\u00f3n\u201d.<\/p>\n<blockquote class=\"wp-embedded-content\" data-secret=\"JCq4RIkn0h\"><p><a href=\"https:\/\/www.lanacion.cl\/mirosevic-gobierno-no-comparte-quorum-de-2-3-para-reformar-nueva-constitucion\/\">Mirosevic: Gobierno no comparte qu\u00f3rum de 2\/3 para reformar nueva Constituci\u00f3n<\/a><\/p><\/blockquote>\n<p><iframe loading=\"lazy\" class=\"wp-embedded-content\" sandbox=\"allow-scripts\" security=\"restricted\" style=\"position: absolute; visibility: hidden;\" title=\"&#8220;Mirosevic: Gobierno no comparte qu\u00f3rum de 2\/3 para reformar nueva Constituci\u00f3n&#8221; &#8212; La Naci\u00f3n\" src=\"https:\/\/www.lanacion.cl\/mirosevic-gobierno-no-comparte-quorum-de-2-3-para-reformar-nueva-constitucion\/embed\/#?secret=ntdl8du4KZ#?secret=JCq4RIkn0h\" data-secret=\"JCq4RIkn0h\" width=\"500\" height=\"282\" frameborder=\"0\" marginwidth=\"0\" marginheight=\"0\" scrolling=\"no\"><\/iframe><br \/>\nFUENTE. LA NACION.CL<br \/>\nFOTO. EL MOSTRADOR.CL<br \/>\nMEDIO DE DIFUSI\u00d3N, SIN FI DE LUCRO ALGUNO <\/p>\n","protected":false},"excerpt":{"rendered":"<p>El diputado Vlado Mirosevic, del Partido Liberal (PL), afirm\u00f3 que el Gobierno les inform\u00f3 a las bancadas oficialistas que no comparte la propuesta de establecer un qu\u00f3rum de dos tercios para que el actual Congreso pueda realizar cambios a la nueva Constituci\u00f3n. Se trata de la indicaci\u00f3n n\u00famero 4, que fija un guarismo supramayoritario para [&hellip;]<\/p>\n","protected":false},"author":51,"featured_media":0,"comment_status":"open","ping_status":"open","sticky":false,"template":"","format":"standard","meta":{"footnotes":""},"categories":[9,16,1,11],"tags":[900,899,93],"class_list":["post-27541","post","type-post","status-publish","format-standard","hentry","category-educacion","category-nacional","category-uncategorized","category-tendencias","tag-constitucion","tag-diputado-mirosevic","tag-pais"],"_links":{"self":[{"href":"http:\/\/www.lanuevaopcion.cl\/index.php?rest_route=\/wp\/v2\/posts\/27541","targetHints":{"allow":["GET"]}}],"collection":[{"href":"http:\/\/www.lanuevaopcion.cl\/index.php?rest_route=\/wp\/v2\/posts"}],"about":[{"href":"http:\/\/www.lanuevaopcion.cl\/index.php?rest_route=\/wp\/v2\/types\/post"}],"author":[{"embeddable":true,"href":"http:\/\/www.lanuevaopcion.cl\/index.php?rest_route=\/wp\/v2\/users\/51"}],"replies":[{"embeddable":true,"href":"http:\/\/www.lanuevaopcion.cl\/index.php?rest_route=%2Fwp%2Fv2%2Fcomments&post=27541"}],"version-history":[{"count":1,"href":"http:\/\/www.lanuevaopcion.cl\/index.php?rest_route=\/wp\/v2\/posts\/27541\/revisions"}],"predecessor-version":[{"id":27542,"href":"http:\/\/www.lanuevaopcion.cl\/index.php?rest_route=\/wp\/v2\/posts\/27541\/revisions\/27542"}],"wp:attachment":[{"href":"http:\/\/www.lanuevaopcion.cl\/index.php?rest_route=%2Fwp%2Fv2%2Fmedia&parent=27541"}],"wp:term":[{"taxonomy":"category","embeddable":true,"href":"http:\/\/www.lanuevaopcion.cl\/index.php?rest_route=%2Fwp%2Fv2%2Fcategories&post=27541"},{"taxonomy":"post_tag","embeddable":true,"href":"http:\/\/www.lanuevaopcion.cl\/index.php?rest_route=%2Fwp%2Fv2%2Ftags&post=27541"}],"curies":[{"name":"wp","href":"https:\/\/api.w.org\/{rel}","templated":true}]}}