{"id":27517,"date":"2022-05-17T12:47:05","date_gmt":"2022-05-17T12:47:05","guid":{"rendered":"http:\/\/www.lanuevaopcion.cl\/?p=27517"},"modified":"2022-05-17T12:47:05","modified_gmt":"2022-05-17T12:47:05","slug":"comision-revisora-de-acusacion-constitucional-contra-allamand-llego-un-solo-asistente-y-no-sabia-que-tenia-que-decir","status":"publish","type":"post","link":"http:\/\/www.lanuevaopcion.cl\/?p=27517","title":{"rendered":"COMISI\u00d3N REVISORA DE ACUSACI\u00d3N CONSTITUCIONAL CONTRA ALLAMAND: LLEG\u00d3 UN SOLO ASISTENTE Y NO SAB\u00cdA QU\u00c9 TEN\u00cdA QUE DECIR"},"content":{"rendered":"<p><img loading=\"lazy\" decoding=\"async\"  alt=\"\" src=\"https:\/\/storage.googleapis.com\/lanacion-media-storage\/2021\/08\/a21227bf-cancilleria-allamand-aton-533x261.jpeg\" class=\"alignleft\" width=\"533\" height=\"261\" \/ class=\"alignleft\" style=\"margin-right:15px;margin-bottom:10px;float:left;\" ><br \/>\nUn bochornoso momento se vivi\u00f3 este lunes en la comisi\u00f3n revisora de la acusaci\u00f3n constitucional presentada en contra del excanciller Andr\u00e9s Allamand, por presunto \u201cabandono de deberes\u201d en el marco de la crisis migratoria que afecta al norte del pa\u00eds.<\/p>\n<p>La instancia hab\u00eda citado a 14 alcaldes del norte del pa\u00eds para que entregaran testimonio. Sin embargo, el \u00fanico que asisti\u00f3 fue el jefe comunal de Alto Hospicio, Patricio Ferreira, quien adem\u00e1s no supo qu\u00e9 decir. Del resto, solo tres justificaron su inasistencia.<br \/>\n<!--more--><br \/>\n\u201cMe llego una citaci\u00f3n a m\u00ed. Quiero partir diciendo que es primera vez que me citan a una reuni\u00f3n de esta naturaleza. No s\u00e9 de qu\u00e9 se trata. S\u00e9 que es del tema de la acusaci\u00f3n constitucional contra el se\u00f1or Allamand, exministro de Estado. No s\u00e9 qu\u00e9 tengo que hacer o decir ac\u00e1\u201d, indic\u00f3 Ferreira.<\/p>\n<p>El presidente de la comisi\u00f3n, Jaime Araya (ind-PPD), atendi\u00f3 las palabras del alcalde y lo dej\u00f3 liberado.<\/p>\n<p>\u201cCumplimos la tabla que estaba estipulada, y en particular hab\u00eda un punto que era recibir el testimonio de los alcaldes que los diputados requirentes hab\u00edan propuesto. Solamente compareci\u00f3 el alcalde de Alto Hospicio\u201d, indic\u00f3 el diputado.<\/p>\n<p>Adem\u00e1s, Araya explic\u00f3 que la mesa atender\u00e1 este martes a los gobernadores regionales Arica y Parinacota, Antofagasta, Tarapac\u00e1 y Atacama, mientras que el informe ser\u00eda despachado a Sala en la tarde o el mi\u00e9rcoles.<\/p>\n<p>Recordar que la acusaci\u00f3n declara que Allamand cometi\u00f3 \u201cnotable abandono de deberes\u201d por renunciar en febrero de este a\u00f1o a la Canciller\u00eda para asumir como secretario general de la Comunidad Iberoamericana en Espa\u00f1a.<\/p>\n<p>La situaci\u00f3n fue criticada debido a los episodios de violencia que ocurrieron en esa fecha en el norte del pa\u00eds, como la agresi\u00f3n de migrantes en contra de Carabineros en Iquique o el homicidio del camionero Byron Castillo en Antofagasta, hechos que terminaron con el expresidente Sebasti\u00e1n Pi\u00f1era decretando Estado de Excepci\u00f3n en la zona.<\/p>\n<p>El documento fue firmado por la diputada humanista Pamela Jiles y sus pares del Partido de la Gente (PDG), Rub\u00e9n Oyarzo, Yovana Ahumada, Roberto Arroyo, Karen Medina, V\u00edctor Pino y Francisco Pulgar; adem\u00e1s de Viviana Delgado (Ecologista Verde), Enrique Lee (IND-Ev\u00f3poli) y Clara Sagardia (Revoluci\u00f3n Democr\u00e1tica).<\/p>\n<blockquote class=\"wp-embedded-content\" data-secret=\"P98aMfaov9\"><p><a href=\"https:\/\/www.lanacion.cl\/comision-revisora-de-acusacion-constitucional-contra-allamand-llego-un-solo-asistente-y-no-sabia-que-tenia-que-decir\/\">Comisi\u00f3n revisora de acusaci\u00f3n constitucional contra Allamand: lleg\u00f3 un solo asistente y no sab\u00eda qu\u00e9 ten\u00eda que decir<\/a><\/p><\/blockquote>\n<p><iframe loading=\"lazy\" class=\"wp-embedded-content\" sandbox=\"allow-scripts\" security=\"restricted\" style=\"position: absolute; visibility: hidden;\" title=\"&#8220;Comisi\u00f3n revisora de acusaci\u00f3n constitucional contra Allamand: lleg\u00f3 un solo asistente y no sab\u00eda qu\u00e9 ten\u00eda que decir&#8221; &#8212; La Naci\u00f3n\" src=\"https:\/\/www.lanacion.cl\/comision-revisora-de-acusacion-constitucional-contra-allamand-llego-un-solo-asistente-y-no-sabia-que-tenia-que-decir\/embed\/#?secret=UdsX5MuGHe#?secret=P98aMfaov9\" data-secret=\"P98aMfaov9\" width=\"500\" height=\"282\" frameborder=\"0\" marginwidth=\"0\" marginheight=\"0\" scrolling=\"no\"><\/iframe><br \/>\nFUENTE. LA NACION.CL<br \/>\nMEDIO DE DIFUSI\u00d3N , SIN FIN DE LUCRO ALGUNO <\/p>\n","protected":false},"excerpt":{"rendered":"<p>Un bochornoso momento se vivi\u00f3 este lunes en la comisi\u00f3n revisora de la acusaci\u00f3n constitucional presentada en contra del excanciller Andr\u00e9s Allamand, por presunto \u201cabandono de deberes\u201d en el marco de la crisis migratoria que afecta al norte del pa\u00eds. La instancia hab\u00eda citado a 14 alcaldes del norte del pa\u00eds para que entregaran testimonio. [&hellip;]<\/p>\n","protected":false},"author":51,"featured_media":0,"comment_status":"open","ping_status":"open","sticky":false,"template":"","format":"standard","meta":{"footnotes":""},"categories":[9,5,16,1,11],"tags":[895,457],"class_list":["post-27517","post","type-post","status-publish","format-standard","hentry","category-educacion","category-internacional","category-nacional","category-uncategorized","category-tendencias","tag-ac","tag-acusacion-constitucional"],"_links":{"self":[{"href":"http:\/\/www.lanuevaopcion.cl\/index.php?rest_route=\/wp\/v2\/posts\/27517","targetHints":{"allow":["GET"]}}],"collection":[{"href":"http:\/\/www.lanuevaopcion.cl\/index.php?rest_route=\/wp\/v2\/posts"}],"about":[{"href":"http:\/\/www.lanuevaopcion.cl\/index.php?rest_route=\/wp\/v2\/types\/post"}],"author":[{"embeddable":true,"href":"http:\/\/www.lanuevaopcion.cl\/index.php?rest_route=\/wp\/v2\/users\/51"}],"replies":[{"embeddable":true,"href":"http:\/\/www.lanuevaopcion.cl\/index.php?rest_route=%2Fwp%2Fv2%2Fcomments&post=27517"}],"version-history":[{"count":1,"href":"http:\/\/www.lanuevaopcion.cl\/index.php?rest_route=\/wp\/v2\/posts\/27517\/revisions"}],"predecessor-version":[{"id":27518,"href":"http:\/\/www.lanuevaopcion.cl\/index.php?rest_route=\/wp\/v2\/posts\/27517\/revisions\/27518"}],"wp:attachment":[{"href":"http:\/\/www.lanuevaopcion.cl\/index.php?rest_route=%2Fwp%2Fv2%2Fmedia&parent=27517"}],"wp:term":[{"taxonomy":"category","embeddable":true,"href":"http:\/\/www.lanuevaopcion.cl\/index.php?rest_route=%2Fwp%2Fv2%2Fcategories&post=27517"},{"taxonomy":"post_tag","embeddable":true,"href":"http:\/\/www.lanuevaopcion.cl\/index.php?rest_route=%2Fwp%2Fv2%2Ftags&post=27517"}],"curies":[{"name":"wp","href":"https:\/\/api.w.org\/{rel}","templated":true}]}}