{"id":27446,"date":"2022-04-08T12:59:13","date_gmt":"2022-04-08T12:59:13","guid":{"rendered":"http:\/\/www.lanuevaopcion.cl\/?p=27446"},"modified":"2022-04-08T12:59:39","modified_gmt":"2022-04-08T12:59:39","slug":"corte-marcial-otorgo-la-libertad-al-general-r-ricardo-martinez","status":"publish","type":"post","link":"http:\/\/www.lanuevaopcion.cl\/?p=27446","title":{"rendered":"CORTE MARCIAL OTORG\u00d3 LA LIBERTAD AL GENERAL (R) RICARDO MART\u00cdNEZ"},"content":{"rendered":"<p><img loading=\"lazy\" decoding=\"async\"  alt=\"\" src=\"https:\/\/storage.googleapis.com\/lanacion-media-storage\/2022\/04\/13466bb2-foto-martinez-533x261.jpg\" class=\"alignleft\" width=\"533\" height=\"261\" \/ class=\"alignleft\" style=\"margin-right:15px;margin-bottom:10px;float:left;\" ><br \/>\nEn votaci\u00f3n dividida -por 3 votos a 2-, la Corte Marcial otorg\u00f3 este jueves la libertad al excomandante en jefe del Ej\u00e9rcito, general (r) Ricardo Mart\u00ednez, luego de que este martes quedara en prisi\u00f3n preventiva en el Batall\u00f3n de Polic\u00eda Militar, en Pe\u00f1alol\u00e9n, consign\u00f3 La Tercera.<\/p>\n<p>La ministra en visita, Romy Rutherford, lo proces\u00f3 por fraude al fisco.<\/p>\n<p>El abogado Juan Carlos Mart\u00ednez solicit\u00f3 la libertad provisional bajo fianza ante el tribunal castrense.<br \/>\n<!--more--><br \/>\nEn los votos favorables estuvieron el ministro presidente Juan Manuel Mu\u00f1oz Pardo, el general de brigada a\u00e9rea Francisco Costa Lobo -representante de la Fuerza \u00c1rea-, y el coronel del Ej\u00e9rcito, Isa\u00edas Mart\u00ednez Castillo; mientras que en contra votaron el ministro Miguel V\u00e1squez y el ministro Jaime Elgueta Burgos, general de Carabineros.<\/p>\n<p>El viernes pasado Mart\u00ednez qued\u00f3 en detenci\u00f3n provisoria luego de acogerse a su derecho a guardar silencio tras acudir a declarar al despacho de la jueza.<\/p>\n<p>Posteriormente, la ministra en visita decidi\u00f3 procesarlo por fraude al fisco en medio de la investigaci\u00f3n del conocido como \u201cMilicogate\u201d que, en el caso de Mart\u00ednez, qued\u00f3 procesado por la arista \u201cPasajes y Fletes\u201d, que contemplan ocho hechos.<\/p>\n<blockquote class=\"wp-embedded-content\" data-secret=\"wW8CK5e0P8\"><p><a href=\"https:\/\/www.lanacion.cl\/corte-marcial-otorgo-la-libertad-al-general-r-ricardo-martinez\/\">Corte Marcial otorg\u00f3 la libertad al general (r) Ricardo Mart\u00ednez<\/a><\/p><\/blockquote>\n<p><iframe loading=\"lazy\" class=\"wp-embedded-content\" sandbox=\"allow-scripts\" security=\"restricted\" style=\"position: absolute; visibility: hidden;\" title=\"&#8220;Corte Marcial otorg\u00f3 la libertad al general (r) Ricardo Mart\u00ednez&#8221; &#8212; La Naci\u00f3n\" src=\"https:\/\/www.lanacion.cl\/corte-marcial-otorgo-la-libertad-al-general-r-ricardo-martinez\/embed\/#?secret=TUmZFnwUtU#?secret=wW8CK5e0P8\" data-secret=\"wW8CK5e0P8\" width=\"500\" height=\"282\" frameborder=\"0\" marginwidth=\"0\" marginheight=\"0\" scrolling=\"no\"><\/iframe><br \/>\nFUENTE. LA NACION.CL<br \/>\nMEDIO DE DIFUSI\u00d3N SIN FIN DE LUCRO ALGUNO <\/p>\n","protected":false},"excerpt":{"rendered":"<p>En votaci\u00f3n dividida -por 3 votos a 2-, la Corte Marcial otorg\u00f3 este jueves la libertad al excomandante en jefe del Ej\u00e9rcito, general (r) Ricardo Mart\u00ednez, luego de que este martes quedara en prisi\u00f3n preventiva en el Batall\u00f3n de Polic\u00eda Militar, en Pe\u00f1alol\u00e9n, consign\u00f3 La Tercera. La ministra en visita, Romy Rutherford, lo proces\u00f3 por [&hellip;]<\/p>\n","protected":false},"author":51,"featured_media":0,"comment_status":"open","ping_status":"open","sticky":false,"template":"","format":"standard","meta":{"footnotes":""},"categories":[16,30,31,11],"tags":[19,868,353,137],"class_list":["post-27446","post","type-post","status-publish","format-standard","hentry","category-nacional","category-policial","category-salud","category-tendencias","tag-add-new-tag","tag-ex-general-ricardo-martinez","tag-ffaa","tag-tribunales"],"_links":{"self":[{"href":"http:\/\/www.lanuevaopcion.cl\/index.php?rest_route=\/wp\/v2\/posts\/27446","targetHints":{"allow":["GET"]}}],"collection":[{"href":"http:\/\/www.lanuevaopcion.cl\/index.php?rest_route=\/wp\/v2\/posts"}],"about":[{"href":"http:\/\/www.lanuevaopcion.cl\/index.php?rest_route=\/wp\/v2\/types\/post"}],"author":[{"embeddable":true,"href":"http:\/\/www.lanuevaopcion.cl\/index.php?rest_route=\/wp\/v2\/users\/51"}],"replies":[{"embeddable":true,"href":"http:\/\/www.lanuevaopcion.cl\/index.php?rest_route=%2Fwp%2Fv2%2Fcomments&post=27446"}],"version-history":[{"count":2,"href":"http:\/\/www.lanuevaopcion.cl\/index.php?rest_route=\/wp\/v2\/posts\/27446\/revisions"}],"predecessor-version":[{"id":27448,"href":"http:\/\/www.lanuevaopcion.cl\/index.php?rest_route=\/wp\/v2\/posts\/27446\/revisions\/27448"}],"wp:attachment":[{"href":"http:\/\/www.lanuevaopcion.cl\/index.php?rest_route=%2Fwp%2Fv2%2Fmedia&parent=27446"}],"wp:term":[{"taxonomy":"category","embeddable":true,"href":"http:\/\/www.lanuevaopcion.cl\/index.php?rest_route=%2Fwp%2Fv2%2Fcategories&post=27446"},{"taxonomy":"post_tag","embeddable":true,"href":"http:\/\/www.lanuevaopcion.cl\/index.php?rest_route=%2Fwp%2Fv2%2Ftags&post=27446"}],"curies":[{"name":"wp","href":"https:\/\/api.w.org\/{rel}","templated":true}]}}