{"id":27404,"date":"2022-03-17T07:26:21","date_gmt":"2022-03-17T07:26:21","guid":{"rendered":"http:\/\/www.lanuevaopcion.cl\/?p=27404"},"modified":"2022-03-18T09:21:31","modified_gmt":"2022-03-18T09:21:31","slug":"5%c2%b0-retiro-acusan-%e2%80%9cinterpretacion-manosa%e2%80%9d-luego-que-proyecto-no-fuera-puesto-en-tabla-en-la-camara","status":"publish","type":"post","link":"http:\/\/www.lanuevaopcion.cl\/?p=27404","title":{"rendered":"5\u00b0 RETIRO: ACUSAN \u201cINTERPRETACI\u00d3N MA\u00d1OSA\u201d LUEGO QUE PROYECTO NO FUERA PUESTO EN TABLA EN LA C\u00c1MARA"},"content":{"rendered":"<p><img loading=\"lazy\" decoding=\"async\"  alt=\"\" src=\"https:\/\/storage.googleapis.com\/lanacion-media-storage\/2022\/03\/dd63497d-foto-camara-vale-324x160.jpg\" class=\"alignleft\" width=\"324\" height=\"160\" \/ class=\"alignleft\" style=\"margin-right:15px;margin-bottom:10px;float:left;\" ><br \/>\nUn grupo transversal de diputados, encabezados por Ren\u00e9 Alinco (Indep), ingres\u00f3 un proyecto para permitir un nuevo retiro a los fondos previsionales despu\u00e9s del fracaso que sufri\u00f3 la iniciativa que buscaba permitir un cuarto retiro el a\u00f1o pasado.<\/p>\n<p>Sin embargo, la propuesta no fue puesta en tabla durante la sesi\u00f3n de este mi\u00e9rcoles en la Sala. Ante la consulta de Alinco, el secretario general de la C\u00e1mara de Diputados, Miguel Landeros, apel\u00f3 al art\u00edculo 127 inciso segundo de la Constituci\u00f3n.<br \/>\n<!--more--><br \/>\n\u201cEse proyecto, en atenci\u00f3n a que esta C\u00e1mara rechaz\u00f3 en diciembre del a\u00f1o pasado un proyecto cuya idea matriz es similar, nosotros lo tenemos que dejar suspendido en su tramitaci\u00f3n hasta la fecha que se cumpla el a\u00f1o que establece la Constituci\u00f3n\u201d, inform\u00f3 Landeros.<\/p>\n<p>Ahora corresponde a la mesa directiva encabezada por el presidente de la C\u00e1mara Baja, Ra\u00fal Soto (PPD), analizar si da curso a la tramitaci\u00f3n.<\/p>\n<p>La situaci\u00f3n molest\u00f3 al diputado Alinco, quien luego acus\u00f3 \u201cuna interpretaci\u00f3n ma\u00f1osa de parte del equipo administrativo\u201d, afirmando que el cuarto retiro \u201cfue aprobado en esta C\u00e1mara, fue rechazado en el Senado y despu\u00e9s la Comisi\u00f3n Mixta lo rechaz\u00f3. Por lo tanto, no aplica esta teor\u00eda\u201d.<\/p>\n<p>Adem\u00e1s, el parlamentario apunt\u00f3 contra el diputado Soto, a quien tild\u00f3 de \u201camarillento\u201d y advirti\u00f3 que \u201choy d\u00eda est\u00e1 pagando el precio de ser presidente por ocho meses. Negoci\u00f3 a espaldas de su bancada, negoci\u00f3 solamente para \u00e9l. (\u2026) Hasta el 10 de marzo, era un firme diputado a favor de los retiros\u201d.<\/p>\n<p>\u201cNo tengo la menor duda de que alg\u00fan personaje calvo del Gobierno lo llam\u00f3 y le dijo que este proyecto de los nueve diputados, encabezado por Ren\u00e9 Alinco, no hay que darle admisibilidad\u201d, a\u00f1adi\u00f3, en alusi\u00f3n al ministro de la Segpres, Giorgio Jackson.<\/p>\n<p>Soto hab\u00eda afirmado la ma\u00f1ana de este mi\u00e9rcoles a Radio Futuro que \u201cyo no voy a vetar proyectos, si el quinto retiro es despachado de la Comisi\u00f3n de Constituci\u00f3n lo voy a poner en tabla en la Sala, porque es lo que se debe hacer en un \u00f3rgano democr\u00e1tico\u201d.<\/p>\n<p>\u201cSi el quinto retiro surge como una alternativa, nosotros no podemos hacer caso omiso de eso, m\u00e1s bien tenemos que enfrentarlo y dar el debate respectivo de cara a la ciudadan\u00eda\u201d, a\u00f1adi\u00f3.<\/p>\n<blockquote class=\"wp-embedded-content\" data-secret=\"bEfzs4XAo1\"><p><a href=\"https:\/\/www.lanacion.cl\/5-retiro-acusan-interpretacion-manosa-luego-que-proyecto-no-fuera-puesto-en-tabla-en-la-camara\/\">5\u00b0 retiro: acusan &#8220;interpretaci\u00f3n ma\u00f1osa&#8221; luego que proyecto no fuera puesto en tabla en la C\u00e1mara<\/a><\/p><\/blockquote>\n<p><iframe loading=\"lazy\" class=\"wp-embedded-content\" sandbox=\"allow-scripts\" security=\"restricted\" style=\"position: absolute; visibility: hidden;\" title=\"&#8220;5\u00b0 retiro: acusan &#8220;interpretaci\u00f3n ma\u00f1osa&#8221; luego que proyecto no fuera puesto en tabla en la C\u00e1mara&#8221; &#8212; La Naci\u00f3n\" src=\"https:\/\/www.lanacion.cl\/5-retiro-acusan-interpretacion-manosa-luego-que-proyecto-no-fuera-puesto-en-tabla-en-la-camara\/embed\/#?secret=BezagOvjm4#?secret=bEfzs4XAo1\" data-secret=\"bEfzs4XAo1\" width=\"500\" height=\"282\" frameborder=\"0\" marginwidth=\"0\" marginheight=\"0\" scrolling=\"no\"><\/iframe><br \/>\nFUENTE. LA NACION.CL<br \/>\nMEDIO DE DIFUSI\u00d3N , SIN FIN DE LUCRO ALGUNO <\/p>\n","protected":false},"excerpt":{"rendered":"<p>Un grupo transversal de diputados, encabezados por Ren\u00e9 Alinco (Indep), ingres\u00f3 un proyecto para permitir un nuevo retiro a los fondos previsionales despu\u00e9s del fracaso que sufri\u00f3 la iniciativa que buscaba permitir un cuarto retiro el a\u00f1o pasado. Sin embargo, la propuesta no fue puesta en tabla durante la sesi\u00f3n de este mi\u00e9rcoles en la [&hellip;]<\/p>\n","protected":false},"author":51,"featured_media":0,"comment_status":"open","ping_status":"open","sticky":false,"template":"","format":"standard","meta":{"footnotes":""},"categories":[1],"tags":[850,708,144,1629,1630,1635,54],"class_list":["post-27404","post","type-post","status-publish","format-standard","hentry","category-uncategorized","tag-5-retiro","tag-cronicas","tag-diputados","tag-economia","tag-internacional","tag-nacional","tag-pymes"],"_links":{"self":[{"href":"http:\/\/www.lanuevaopcion.cl\/index.php?rest_route=\/wp\/v2\/posts\/27404","targetHints":{"allow":["GET"]}}],"collection":[{"href":"http:\/\/www.lanuevaopcion.cl\/index.php?rest_route=\/wp\/v2\/posts"}],"about":[{"href":"http:\/\/www.lanuevaopcion.cl\/index.php?rest_route=\/wp\/v2\/types\/post"}],"author":[{"embeddable":true,"href":"http:\/\/www.lanuevaopcion.cl\/index.php?rest_route=\/wp\/v2\/users\/51"}],"replies":[{"embeddable":true,"href":"http:\/\/www.lanuevaopcion.cl\/index.php?rest_route=%2Fwp%2Fv2%2Fcomments&post=27404"}],"version-history":[{"count":2,"href":"http:\/\/www.lanuevaopcion.cl\/index.php?rest_route=\/wp\/v2\/posts\/27404\/revisions"}],"predecessor-version":[{"id":27406,"href":"http:\/\/www.lanuevaopcion.cl\/index.php?rest_route=\/wp\/v2\/posts\/27404\/revisions\/27406"}],"wp:attachment":[{"href":"http:\/\/www.lanuevaopcion.cl\/index.php?rest_route=%2Fwp%2Fv2%2Fmedia&parent=27404"}],"wp:term":[{"taxonomy":"category","embeddable":true,"href":"http:\/\/www.lanuevaopcion.cl\/index.php?rest_route=%2Fwp%2Fv2%2Fcategories&post=27404"},{"taxonomy":"post_tag","embeddable":true,"href":"http:\/\/www.lanuevaopcion.cl\/index.php?rest_route=%2Fwp%2Fv2%2Ftags&post=27404"}],"curies":[{"name":"wp","href":"https:\/\/api.w.org\/{rel}","templated":true}]}}