{"id":27348,"date":"2022-02-22T12:55:43","date_gmt":"2022-02-22T12:55:43","guid":{"rendered":"http:\/\/www.lanuevaopcion.cl\/?p=27348"},"modified":"2022-02-22T12:57:46","modified_gmt":"2022-02-22T12:57:46","slug":"%e2%80%9cnunca-se-me-consulto%e2%80%9d-rodrigo-valdes-se-desmarca-de-movimiento-%e2%80%9camarillos-por-chile%e2%80%9d-de-cristian-warnken","status":"publish","type":"post","link":"http:\/\/www.lanuevaopcion.cl\/?p=27348","title":{"rendered":"\u201cNUNCA SE ME CONSULT\u00d3\u201d: RODRIGO VALD\u00c9S SE DESMARCA DE MOVIMIENTO \u201cAMARILLOS POR CHILE\u201d DE CRISTI\u00c1N WARNKEN"},"content":{"rendered":"<p><img loading=\"lazy\" decoding=\"async\"  alt=\"\" src=\"https:\/\/www.gamba.cl\/wp-content\/uploads\/2022\/02\/rodrigo-valdes-warnken.jpg\" class=\"alignleft\" width=\"787\" height=\"396\" \/ class=\"alignleft\" style=\"margin-right:15px;margin-bottom:10px;float:left;\" ><br \/>\nEl exministro de Hacienda de la exPresidenta Michelle Bachelet, Rodrigo Vald\u00e9s, se desmarc\u00f3 del movimiento \u201cAmarillos por Chile\u201d creado por el escritor y acad\u00e9mico Cristi\u00e1n Warnken.<\/p>\n<p>Dicha agrupaci\u00f3n surgi\u00f3 en el marco de la redacci\u00f3n de la Convenci\u00f3n Constitucional, donde publicaron un manifiesto cuestionando el trabajo del \u00f3rgano constituyente.<\/p>\n<p>En dicho texto, se afirmaba, \u201cha demostrado que ir detr\u00e1s de lo imposible y refundarlo todo, en vez de solucionar las desigualdades y los abusos, solo ha tra\u00eddo m\u00e1s sufrimiento y m\u00e1s pobreza para las grandes mayor\u00edas\u201d, entre otras cosas.<br \/>\n<!--more--><br \/>\nDicho texto estaba firmado por m\u00e1s de 70 personalidades, entre ellos los exministros de Hacienda, Andr\u00e9s Velasco y Rodrigo Vald\u00e9s, la senadora Carolina Goic, y la exministra de Educaci\u00f3n Mariana Aylwin.<\/p>\n<p>Sobre esta iniciativa, Warnken fue entrevistado por El Mercurio, donde afirm\u00f3 que el movimiento: \u201cEs un grupo que est\u00e1 porque haya transformaciones en Chile, que son fundamentales y necesarias, pero que quiere que se hagan bien\u201d.<\/p>\n<p>EL DESMARQUE DE VALD\u00c9S<\/p>\n<p>Posteriormente, en el mismo medio, en la secci\u00f3n del cartas al director, fue publicado un texto de Rodrigo Vald\u00e9s, quien aclar\u00f3 su posici\u00f3n con el movimiento:<\/p>\n<p>\u201cRespecto a la entrevista a Cristi\u00e1n Warnken aparecida ayer domingo, me gustar\u00eda clarificar que yo fui invitado a firmar una carta que llama a un mayor di\u00e1logo en la Convenci\u00f3n y nunca se me consult\u00f3 si adscrib\u00eda o no a un nuevo movimiento\u201d, declar\u00f3.<\/p>\n<p>\u201cPienso que el futuro de la pol\u00edtica est\u00e1 en fortalecer a los partidos, no en la proliferaci\u00f3n de colectivos\u201d, cerr\u00f3.<\/p>\n<blockquote class=\"wp-embedded-content\" data-secret=\"28zx2rPrQs\"><p><a href=\"https:\/\/www.lanacion.cl\/nunca-se-me-consulto-rodrigo-valdes-se-desmarca-de-movimiento-amarillos-por-chile-de-cristian-warnken\/\">\u201cNunca se me consult\u00f3\u201d: Rodrigo Vald\u00e9s se desmarca de movimiento \u201cAmarillos por Chile\u201d de Cristi\u00e1n Warnken<\/a><\/p><\/blockquote>\n<p><iframe loading=\"lazy\" class=\"wp-embedded-content\" sandbox=\"allow-scripts\" security=\"restricted\" style=\"position: absolute; visibility: hidden;\" title=\"&#8220;\u201cNunca se me consult\u00f3\u201d: Rodrigo Vald\u00e9s se desmarca de movimiento \u201cAmarillos por Chile\u201d de Cristi\u00e1n Warnken&#8221; &#8212; La Naci\u00f3n\" src=\"https:\/\/www.lanacion.cl\/nunca-se-me-consulto-rodrigo-valdes-se-desmarca-de-movimiento-amarillos-por-chile-de-cristian-warnken\/embed\/#?secret=5fE20d3aHc#?secret=28zx2rPrQs\" data-secret=\"28zx2rPrQs\" width=\"500\" height=\"282\" frameborder=\"0\" marginwidth=\"0\" marginheight=\"0\" scrolling=\"no\"><\/iframe><br \/>\nFUENTE. LA NACION.CL<br \/>\nMEDIO DE DIFUSI\u00d3N , SIN FIN DE LUCRO ALGUNO <\/p>\n","protected":false},"excerpt":{"rendered":"<p>El exministro de Hacienda de la exPresidenta Michelle Bachelet, Rodrigo Vald\u00e9s, se desmarc\u00f3 del movimiento \u201cAmarillos por Chile\u201d creado por el escritor y acad\u00e9mico Cristi\u00e1n Warnken. Dicha agrupaci\u00f3n surgi\u00f3 en el marco de la redacci\u00f3n de la Convenci\u00f3n Constitucional, donde publicaron un manifiesto cuestionando el trabajo del \u00f3rgano constituyente. En dicho texto, se afirmaba, \u201cha [&hellip;]<\/p>\n","protected":false},"author":51,"featured_media":0,"comment_status":"open","ping_status":"open","sticky":false,"template":"","format":"standard","meta":{"footnotes":""},"categories":[8,4,9,16,1,31,11],"tags":[1629,834],"class_list":["post-27348","post","type-post","status-publish","format-standard","hentry","category-cultura","category-economia","category-educacion","category-nacional","category-uncategorized","category-salud","category-tendencias","tag-economia","tag-rodrigo-valdes"],"_links":{"self":[{"href":"http:\/\/www.lanuevaopcion.cl\/index.php?rest_route=\/wp\/v2\/posts\/27348","targetHints":{"allow":["GET"]}}],"collection":[{"href":"http:\/\/www.lanuevaopcion.cl\/index.php?rest_route=\/wp\/v2\/posts"}],"about":[{"href":"http:\/\/www.lanuevaopcion.cl\/index.php?rest_route=\/wp\/v2\/types\/post"}],"author":[{"embeddable":true,"href":"http:\/\/www.lanuevaopcion.cl\/index.php?rest_route=\/wp\/v2\/users\/51"}],"replies":[{"embeddable":true,"href":"http:\/\/www.lanuevaopcion.cl\/index.php?rest_route=%2Fwp%2Fv2%2Fcomments&post=27348"}],"version-history":[{"count":2,"href":"http:\/\/www.lanuevaopcion.cl\/index.php?rest_route=\/wp\/v2\/posts\/27348\/revisions"}],"predecessor-version":[{"id":27350,"href":"http:\/\/www.lanuevaopcion.cl\/index.php?rest_route=\/wp\/v2\/posts\/27348\/revisions\/27350"}],"wp:attachment":[{"href":"http:\/\/www.lanuevaopcion.cl\/index.php?rest_route=%2Fwp%2Fv2%2Fmedia&parent=27348"}],"wp:term":[{"taxonomy":"category","embeddable":true,"href":"http:\/\/www.lanuevaopcion.cl\/index.php?rest_route=%2Fwp%2Fv2%2Fcategories&post=27348"},{"taxonomy":"post_tag","embeddable":true,"href":"http:\/\/www.lanuevaopcion.cl\/index.php?rest_route=%2Fwp%2Fv2%2Ftags&post=27348"}],"curies":[{"name":"wp","href":"https:\/\/api.w.org\/{rel}","templated":true}]}}