{"id":27302,"date":"2022-01-17T10:34:39","date_gmt":"2022-01-17T10:34:39","guid":{"rendered":"http:\/\/www.lanuevaopcion.cl\/?p=27302"},"modified":"2022-01-17T10:34:56","modified_gmt":"2022-01-17T10:34:56","slug":"balance-de-la-asociacion-de-afp-%e2%80%9cexisten-mas-de-2-millones-de-afiliados-sin-saldos-en-sus-cuentas%e2%80%9d","status":"publish","type":"post","link":"http:\/\/www.lanuevaopcion.cl\/?p=27302","title":{"rendered":"BALANCE DE LA ASOCIACI\u00d3N DE AFP: \u201cEXISTEN M\u00c1S DE 2 MILLONES DE AFILIADOS SIN SALDOS EN SUS CUENTAS\u201d"},"content":{"rendered":"<p><img loading=\"lazy\" decoding=\"async\"  alt=\"\" src=\"https:\/\/radio.uchile.cl\/wp-content\/uploads\/2020\/04\/afp.jpg\" class=\"alignleft\" width=\"400\" height=\"292\" \/ class=\"alignleft\" style=\"margin-right:15px;margin-bottom:10px;float:left;\" ><br \/>\nLa Asociaci\u00f3n de AFP realiz\u00f3 este viernes su cuenta p\u00fablica 2021, entregando los resultados de su gesti\u00f3n en un a\u00f1o marcado por los tres retiros anticipados del 10% a los fondos previsionales y la incertidumbre de la pandemia.<\/p>\n<p>En cifras generales, hubo 11.285.779 personas que cotizaron en las AFP durante 2021, de los cuales 5.705.413 fueron activos y 5.580.366 inactivos. Esto \u00faltimo porque \u201calgunos afiliados no est\u00e1n dentro la fuerza laboral, otros no trabajaron en el mes, y una parte son trabajadores informales\u201d, detall\u00f3 Constanza Bollman, gerenta general de la entidad.<br \/>\n<!--more--><br \/>\nEl total de pensionados anuales subi\u00f3 a 1.114.890, mientras que el de pensiones pagadas llegaron a 1.379.163. Hasta noviembre del a\u00f1o pasado se hab\u00edan pensionado 114.890 personas, menos que los 130.813 que se jubilaron en 2020 en el mismo periodo.<\/p>\n<p>Respecto a los montos promedios de pensiones, quienes cotizaron entre 10 y 15 a\u00f1os tienen una pensi\u00f3n promedio de $283.000 en el caso de los hombres y de $204.000 en el caso de las mujeres en tanto que para las mujeres es de $204.000.<\/p>\n<p>En tanto, una persona que cotiz\u00f3 m\u00e1s de 35 a\u00f1os tiene una jubilaci\u00f3n promedio de $643.000 en el caso de los hombres y de $461.000 en el caso de las mujeres.<\/p>\n<p>RETIROS DEL 10% Y RENTABILIDAD DE FONDOS<\/p>\n<p>Seg\u00fan detall\u00f3 la asociaci\u00f3n, los tres giros del 10% dejaron a 2.100.000 personas sin dinero en sus cuentas. Se desglosan en 1.324.621 mujeres y 802.236 hombres.<\/p>\n<p>Se han realizado m\u00e1s de 27.718.000 operaciones de pago, lo que ha implica alrededor de US$48 mil millones.<\/p>\n<p>\u201cAsimismo, se han pagado m\u00e1s de 570 mil liquidaciones por deudas de alimentos, por un total de US$717,4 millones, lo que representa el 92,7% del total de requerimientos por deudas de alimentos presentada\u201d, detall\u00f3 Bollman.<\/p>\n<p>En relaci\u00f3n a las inversiones, las AFP han conseguido una rentabilidad nominal acumulada de 16,8% entre 1981 y 2021, lo que constituye un 49% del ahorro total acumulado para un afiliado que haya cotizado durante los 40 a\u00f1os.<\/p>\n<p>En el \u00faltimo a\u00f1o, los fondos m\u00e1s riesgosos, el A y el B, mostraron una rentabilidad positiva de 20,4% y 14,4% respectivamente. Mientras, los fondos m\u00e1s conservadores, el D y el E, sufrieron una ca\u00edda hist\u00f3rica -4,2% y -7,4% respectivamente.<\/p>\n<p>Al respecto, la gerenta asegur\u00f3 que \u201clo sucedido con los fondos D y E refleja de qu\u00e9 manera la incertidumbre pol\u00edtica afecta el desempe\u00f1o de los fondos y, por tanto, la construcci\u00f3n de mejores pensiones\u201d.<\/p>\n<p>\u201cLos fondos de pensiones lograron generar para los afiliados US$7.200 millones adicionales, ese fue el aporte que las inversiones de las administradoras hicieron a los ahorros previsionales\u201d, remarc\u00f3.<\/p>\n<p>MENSAJE AL PRESIDENTE ELECTO<\/p>\n<p>En el marco de la cuenta p\u00fablica, Bollamnn llam\u00f3 al Presidente electo, Gabriel Boric, a tramitar la Pensi\u00f3n Garantizada Universal (PGU), iniciativa del Gobierno que busca aumentar de $176 mil a $185 mil la actual Pensi\u00f3n B\u00e1sica Solidaria que reciben los mayores de 65 a\u00f1os. Adem\u00e1s, pretende que el beneficio se ampl\u00ede al 90% m\u00e1s vulnerable, con pagos decrecientes para el 10% de mayores ingresos.<\/p>\n<p>La empresaria indic\u00f3 al pr\u00f3ximo Jefe de Estado que \u201cla construcci\u00f3n del ahorro futuro debe ser el eje central del derecho a la seguridad social, llevamos m\u00e1s de diez a\u00f1os intentando hacer transformaciones que mejoren las pensiones, y a\u00fan no es posible llegar a acuerdos. Es urgente mejorar las pensiones\u201d.<\/p>\n<p>\u201cEl reto es contar una soluci\u00f3n que atienda a las demandas ciudadanas, y que a la vez cuide la sostenibilidad del sistema, tomando en cuenta, adem\u00e1s, los atributos que las propias personas han se\u00f1alado que valoran del sistema\u201d, a\u00f1adi\u00f3.<\/p>\n<p>Dichos atributos son: \u201cEn primer lugar que los trabajadores son due\u00f1os de sus ahorros, por lo tanto, esos ahorros deben poder ser heredados por sus familiares; en segundo lugar, la libertad de elecci\u00f3n, es decir, que cada persona pueda decidir que sea un ente privado o p\u00fablico el que administre y gestiones sus ahorros previsionales\u201d.<\/p>\n<p>En esa l\u00ednea afirm\u00f3: \u201cConsideramos que la Pensi\u00f3n B\u00e1sica Universal, que cubra las necesidades b\u00e1sicas y que sea un monto garantizado financiado por el Estado es una alternativa eficiente para mejorar las pensiones de manera inmediata\u201d.<\/p>\n<p>La gerenta de la AFP advirti\u00f3 que \u201cexisten m\u00e1s de 2 millones de afiliados sin saldos en sus cuentas, y que, por lo tanto, se encuentran en una situaci\u00f3n de precariedad que demanda del Estado una nueva responsabilidad\u201d.<\/p>\n<p>\u201cLa discusi\u00f3n de la pensi\u00f3n garantizada resulta fundamental para recuperar ese ahorro, y debe ser un desaf\u00edo prioritario para el nuevo Gobierno, y tambi\u00e9n para el Congreso que asume en marzo\u201d, cerr\u00f3.<\/p>\n<blockquote class=\"wp-embedded-content\" data-secret=\"EYPqDUiMh3\"><p><a href=\"https:\/\/www.lanacion.cl\/balance-de-la-asociacion-de-afp-existen-mas-de-2-millones-de-afiliados-sin-saldos-en-sus-cuentas\/\">Balance de la Asociaci\u00f3n de AFP: \u201cExisten m\u00e1s de 2 millones de afiliados sin saldos en sus cuentas\u201d<\/a><\/p><\/blockquote>\n<p><iframe loading=\"lazy\" class=\"wp-embedded-content\" sandbox=\"allow-scripts\" security=\"restricted\" style=\"position: absolute; visibility: hidden;\" title=\"&#8220;Balance de la Asociaci\u00f3n de AFP: \u201cExisten m\u00e1s de 2 millones de afiliados sin saldos en sus cuentas\u201d&#8221; &#8212; La Naci\u00f3n\" src=\"https:\/\/www.lanacion.cl\/balance-de-la-asociacion-de-afp-existen-mas-de-2-millones-de-afiliados-sin-saldos-en-sus-cuentas\/embed\/#?secret=x4Y8ihbmLv#?secret=EYPqDUiMh3\" data-secret=\"EYPqDUiMh3\" width=\"500\" height=\"282\" frameborder=\"0\" marginwidth=\"0\" marginheight=\"0\" scrolling=\"no\"><\/iframe><br \/>\nFUENTE. LA NACION . CL<br \/>\nFOTO , RADIO. UCHILE.CL<br \/>\nMEDIO DE DIFUSI\u00d3N, SIN FIN DE LUCRO ALGUNO <\/p>\n","protected":false},"excerpt":{"rendered":"<p>La Asociaci\u00f3n de AFP realiz\u00f3 este viernes su cuenta p\u00fablica 2021, entregando los resultados de su gesti\u00f3n en un a\u00f1o marcado por los tres retiros anticipados del 10% a los fondos previsionales y la incertidumbre de la pandemia. En cifras generales, hubo 11.285.779 personas que cotizaron en las AFP durante 2021, de los cuales 5.705.413 [&hellip;]<\/p>\n","protected":false},"author":51,"featured_media":0,"comment_status":"open","ping_status":"open","sticky":false,"template":"","format":"standard","meta":{"footnotes":""},"categories":[4,5,16,1,31,11],"tags":[239],"class_list":["post-27302","post","type-post","status-publish","format-standard","hentry","category-economia","category-internacional","category-nacional","category-uncategorized","category-salud","category-tendencias","tag-afp"],"_links":{"self":[{"href":"http:\/\/www.lanuevaopcion.cl\/index.php?rest_route=\/wp\/v2\/posts\/27302","targetHints":{"allow":["GET"]}}],"collection":[{"href":"http:\/\/www.lanuevaopcion.cl\/index.php?rest_route=\/wp\/v2\/posts"}],"about":[{"href":"http:\/\/www.lanuevaopcion.cl\/index.php?rest_route=\/wp\/v2\/types\/post"}],"author":[{"embeddable":true,"href":"http:\/\/www.lanuevaopcion.cl\/index.php?rest_route=\/wp\/v2\/users\/51"}],"replies":[{"embeddable":true,"href":"http:\/\/www.lanuevaopcion.cl\/index.php?rest_route=%2Fwp%2Fv2%2Fcomments&post=27302"}],"version-history":[{"count":2,"href":"http:\/\/www.lanuevaopcion.cl\/index.php?rest_route=\/wp\/v2\/posts\/27302\/revisions"}],"predecessor-version":[{"id":27304,"href":"http:\/\/www.lanuevaopcion.cl\/index.php?rest_route=\/wp\/v2\/posts\/27302\/revisions\/27304"}],"wp:attachment":[{"href":"http:\/\/www.lanuevaopcion.cl\/index.php?rest_route=%2Fwp%2Fv2%2Fmedia&parent=27302"}],"wp:term":[{"taxonomy":"category","embeddable":true,"href":"http:\/\/www.lanuevaopcion.cl\/index.php?rest_route=%2Fwp%2Fv2%2Fcategories&post=27302"},{"taxonomy":"post_tag","embeddable":true,"href":"http:\/\/www.lanuevaopcion.cl\/index.php?rest_route=%2Fwp%2Fv2%2Ftags&post=27302"}],"curies":[{"name":"wp","href":"https:\/\/api.w.org\/{rel}","templated":true}]}}