{"id":27300,"date":"2022-01-14T10:01:19","date_gmt":"2022-01-14T10:01:19","guid":{"rendered":"http:\/\/www.lanuevaopcion.cl\/?p=27300"},"modified":"2022-01-14T10:01:19","modified_gmt":"2022-01-14T10:01:19","slug":"pinera-promulgo-reforma-a-ley-de-control-de-armas-en-plena-ola-de-violencia","status":"publish","type":"post","link":"http:\/\/www.lanuevaopcion.cl\/?p=27300","title":{"rendered":"PI\u00d1ERA PROMULG\u00d3 REFORMA A LEY DE CONTROL DE ARMAS EN PLENA OLA DE VIOLENCIA"},"content":{"rendered":"<p><img loading=\"lazy\" decoding=\"async\"  alt=\"\" src=\"https:\/\/www.eldinamo.cl\/__export\/1642098810523\/sites\/eldinamo\/img\/2022\/01\/13\/a_uno_1343315.jpg_1828457768.jpg\" class=\"alignleft\" width=\"397\" height=\"305\" \/ class=\"alignleft\" style=\"margin-right:15px;margin-bottom:10px;float:left;\" ><br \/>\nEl Presidente Sebasti\u00e1n Pi\u00f1era promulg\u00f3 la tarde de este jueves la reforma a la Ley de Control de Armas, iniciativa que cont\u00f3 con un gran apoyo en el Congreso Nacional, siendo apoyada con mayor\u00eda en la C\u00e1mara de Diputados, y por unanimidad en el Senado.<\/p>\n<p>En el marco de las implicancias de esta reforma, el Mandatario dijo que \u201cva a facilitar enormemente la investigaci\u00f3n criminal, y en consecuencia, el descubrimiento de los delincuentes, el juicio y la sanci\u00f3n. Pero adem\u00e1s, esta ley va a permitir un control de las armas de fuego desde que ingresan a nuestro pa\u00eds hasta que se destruyen. Y vamos a reemplazar a un sistema que era muy arcaico\u201d.<br \/>\n<!--more--><br \/>\n\u201cEsta ley le entrega m\u00e1s y mejores herramientas a la Fiscal\u00eda y a Carabineros, para cumplir con la misi\u00f3n de luchar contra el uso ilegal de armas de fuego, e incorpora a la Polic\u00eda de Investigaci\u00f3n a las tareas de fiscalizaci\u00f3n\u201d, agreg\u00f3.<\/p>\n<p>Esta iniciativa tambi\u00e9n \u201ccrea nuevas sanciones penales para aquellos que vendan municiones a personas no autorizadas, o que adulteren o destruyan el sistema de trazabilidad de las armas, y tambi\u00e9n hace extensiva la responsabilidad a personas jur\u00eddicas\u201d.<\/p>\n<p>\u201cEsta ley otorga m\u00e1s y mejores herramientas a los fiscales, para poder perseguir el delito del uso ilegal de armas incorporando t\u00e9cnicas especiales de investigaci\u00f3n que est\u00e1n en la ley contra el narcotr\u00e1fico, como agentes encubiertos, entregas vigiladas y controladas, retenci\u00f3n o incautaci\u00f3n de comunicaciones. Y adem\u00e1s, restringe las penas sustitutivas y, por tanto, agrava las penas para ese tipo de delitos\u201d, detall\u00f3.<\/p>\n<p>Remarc\u00f3 que \u201cesta ley crea un registro de armas de las fuerzas armadas y de orden y seguridad p\u00fablica, las fuerzas de Gendarmer\u00eda y Direcci\u00f3n de Aeron\u00e1utica Civil, para que se contenga en ese registro la historia y trazabilidad de las armas y municiones de esas instituciones\u201d.<\/p>\n<p>\u201cY proh\u00edbe el uso de armas modificadas, adaptadas, y de alto calibre, que ocurre con mucha frecuencia, en que se transforman en armas de fogueo, en armas letales. Y proh\u00edbe el uso de silenciadores, municiones perforantes, explosivas o incendiarias, y en esto estamos recogiendo la experiencia de otros pa\u00edses del mundo\u201d, recalc\u00f3.<\/p>\n<p>SEGURIDAD<\/p>\n<p>Pi\u00f1era se refiri\u00f3 al convulsionado ambiente que se ha vivido en materia de seguridad: \u201cEstamos plenamente conscientes de que en los \u00faltimos tiempos han ocurrido homicidios y delitos de gran violencia que han sido protagonizados por bandas de crimen organizado, asociadas al narcotr\u00e1fico, y que utilizan armamento con alto poder de fuego. Sin duda esta peligrosa triada que es la violencia, el narcotr\u00e1fico y las armas de fuego, son un peligro, una amenaza grave, que afecta significativamente la libertad, seguridad y tranquilidad de nuestras familias\u201d.<\/p>\n<p>\u201cDurante el a\u00f1o 2021, nuestras polic\u00edas decomisaron m\u00e1s de 68 millones de toneladas de drogas y estupefacientes, m\u00e1s de 4 mil armas de fuego, muchas de ellas modificadas y adaptadas, y adem\u00e1s detuvieron y desbarataron a m\u00e1s de mil agrupaciones criminales\u201d, destac\u00f3.<\/p>\n<p>En adici\u00f3n a aquello, aprovech\u00f3 de resaltar el hecho de que se pudo \u201cdestruir m\u00e1s de 41 mil armas, a trav\u00e9s de la campa\u00f1a Entrega Tu Arma y los decomisos que han hecho nuestras polic\u00edas. Pero estos esfuerzos y logros no son suficientes, por eso esta es una tarea permanente frente a la cual no podemos mostrar debilidad ni bajar los brazos\u201d.<\/p>\n<p>\u201cDebemos seguir fortaleciendo la lucha contra estos flagelos. Por eso seguiremos fortaleciendo a nuestras fuerzas de orden y seguridad, con mayor dotaci\u00f3n, con mejor entrenamiento, con mayor infraestructura, con mejor equipamiento y m\u00e1s tecnolog\u00eda\u201d, sostuvo.<\/p>\n<p>Pi\u00f1era agreg\u00f3 que \u201ctambi\u00e9n debemos seguir mejorando la eficacia y coordinaci\u00f3n entre todas las instituciones que forman parte de un verdadero sistema de combate al delito, como son los municipios, las polic\u00edas, la Fiscal\u00eda, el Poder Judicial, y Gendarmer\u00eda. Porque todas ellas funcionan como una cadena, y todos sabemos que cuando falla un eslab\u00f3n, puede fallar la cadena entera\u201d.<\/p>\n<p>\u201cTambi\u00e9n debemos continuar y fortalecer la colaboraci\u00f3n con el Congreso. Le agradezco al Congreso muy sinceramente la aprobaci\u00f3n de esta Ley de Control de Armas, y los avances que hemos tenido en estos \u00faltimos tiempos\u201d, apunt\u00f3.<\/p>\n<p>En esa misma l\u00ednea, solicit\u00f3 que al Parlamento que \u201caceleremos y tengamos una pronta aprobaci\u00f3n de leyes tan urgentes e importantes como la ley antinarcotr\u00e1fico, ley antiterrorismo, la ley para proteger nuestra infraestructura cr\u00edtica, la ley que combate el crimen organizado quit\u00e1ndole sus bienes para amarrar sus manos, y no permitir que se desbarate una banda y al d\u00eda siguiente surja otra\u201d.<\/p>\n<p>\u201cY tambi\u00e9n necesitamos sacar adelante la ley que crea un nuevo Sistema Nacional de Inteligencia, la que moderniza la carrera policial de Carabineros, y el estatuto de protecci\u00f3n de nuestras polic\u00edas\u201d, dijo.<\/p>\n<p>Finalmente, el gobernante hizo un llamado \u201ca todos los hombres y mujeres de buena voluntad a unirse y condenar en forma fuerte y clara todo tipo de violencia. Y tambi\u00e9n a aquellos que de una u otra forma la amparan, la justifican o la promueven. Tambi\u00e9n quiero convocar a todos nuestros compatriotas a unirse a esta necesaria causa, que es lograr que la delincuencia retroceda, y la seguridad ciudadana avance\u201d.<\/p>\n<blockquote class=\"wp-embedded-content\" data-secret=\"BubPm67C3B\"><p><a href=\"https:\/\/www.lanacion.cl\/pinera-promulgo-reforma-a-ley-de-control-de-armas-en-plena-ola-de-violencia\/\">Pi\u00f1era promulg\u00f3 reforma a Ley de Control de Armas en plena ola de violencia<\/a><\/p><\/blockquote>\n<p><iframe loading=\"lazy\" class=\"wp-embedded-content\" sandbox=\"allow-scripts\" security=\"restricted\" style=\"position: absolute; visibility: hidden;\" title=\"&#8220;Pi\u00f1era promulg\u00f3 reforma a Ley de Control de Armas en plena ola de violencia&#8221; &#8212; La Naci\u00f3n\" src=\"https:\/\/www.lanacion.cl\/pinera-promulgo-reforma-a-ley-de-control-de-armas-en-plena-ola-de-violencia\/embed\/#?secret=RNJiHdJKFP#?secret=BubPm67C3B\" data-secret=\"BubPm67C3B\" width=\"500\" height=\"282\" frameborder=\"0\" marginwidth=\"0\" marginheight=\"0\" scrolling=\"no\"><\/iframe><br \/>\nFUENTE. LA NACION.CL<br \/>\nMEDIO DE DIFUSI\u00d3N , SIN FIN DE LUCRO <\/p>\n","protected":false},"excerpt":{"rendered":"<p>El Presidente Sebasti\u00e1n Pi\u00f1era promulg\u00f3 la tarde de este jueves la reforma a la Ley de Control de Armas, iniciativa que cont\u00f3 con un gran apoyo en el Congreso Nacional, siendo apoyada con mayor\u00eda en la C\u00e1mara de Diputados, y por unanimidad en el Senado. En el marco de las implicancias de esta reforma, el [&hellip;]<\/p>\n","protected":false},"author":51,"featured_media":0,"comment_status":"open","ping_status":"open","sticky":false,"template":"","format":"standard","meta":{"footnotes":""},"categories":[7,9,16,30,1,11],"tags":[821],"class_list":["post-27300","post","type-post","status-publish","format-standard","hentry","category-deporte","category-educacion","category-nacional","category-policial","category-uncategorized","category-tendencias","tag-control-de-armas"],"_links":{"self":[{"href":"http:\/\/www.lanuevaopcion.cl\/index.php?rest_route=\/wp\/v2\/posts\/27300","targetHints":{"allow":["GET"]}}],"collection":[{"href":"http:\/\/www.lanuevaopcion.cl\/index.php?rest_route=\/wp\/v2\/posts"}],"about":[{"href":"http:\/\/www.lanuevaopcion.cl\/index.php?rest_route=\/wp\/v2\/types\/post"}],"author":[{"embeddable":true,"href":"http:\/\/www.lanuevaopcion.cl\/index.php?rest_route=\/wp\/v2\/users\/51"}],"replies":[{"embeddable":true,"href":"http:\/\/www.lanuevaopcion.cl\/index.php?rest_route=%2Fwp%2Fv2%2Fcomments&post=27300"}],"version-history":[{"count":1,"href":"http:\/\/www.lanuevaopcion.cl\/index.php?rest_route=\/wp\/v2\/posts\/27300\/revisions"}],"predecessor-version":[{"id":27301,"href":"http:\/\/www.lanuevaopcion.cl\/index.php?rest_route=\/wp\/v2\/posts\/27300\/revisions\/27301"}],"wp:attachment":[{"href":"http:\/\/www.lanuevaopcion.cl\/index.php?rest_route=%2Fwp%2Fv2%2Fmedia&parent=27300"}],"wp:term":[{"taxonomy":"category","embeddable":true,"href":"http:\/\/www.lanuevaopcion.cl\/index.php?rest_route=%2Fwp%2Fv2%2Fcategories&post=27300"},{"taxonomy":"post_tag","embeddable":true,"href":"http:\/\/www.lanuevaopcion.cl\/index.php?rest_route=%2Fwp%2Fv2%2Ftags&post=27300"}],"curies":[{"name":"wp","href":"https:\/\/api.w.org\/{rel}","templated":true}]}}