{"id":27240,"date":"2021-12-23T12:15:11","date_gmt":"2021-12-23T12:15:11","guid":{"rendered":"http:\/\/www.lanuevaopcion.cl\/?p=27240"},"modified":"2021-12-23T12:15:44","modified_gmt":"2021-12-23T12:15:44","slug":"gonzalo-de-la-carrera-anuncio-su-renuncia-al-partido-republicano","status":"publish","type":"post","link":"http:\/\/www.lanuevaopcion.cl\/?p=27240","title":{"rendered":"GONZALO DE LA CARRERA ANUNCI\u00d3 SU RENUNCIA AL PARTIDO REPUBLICANO"},"content":{"rendered":"<p><img loading=\"lazy\" decoding=\"async\"  alt=\"\" src=\"https:\/\/storage.googleapis.com\/lanacion-media-storage\/2021\/12\/8fd021bb-gonzalo-de-la-carrera-twitter-324x160.jpeg\" class=\"alignleft\" width=\"324\" height=\"160\" \/ class=\"alignleft\" style=\"margin-right:15px;margin-bottom:10px;float:left;\" ><br \/>\nEl diputado electo por el Distrito 11, Gonzalo de la Carrera, anunci\u00f3 en la tarde del mi\u00e9rcoles su renuncia al Partido Republicano.<\/p>\n<p>A trav\u00e9s de un comunicado dado a conocer en su cuenta de Twitter, el futuro legislador dijo que \u201choy es momento de unirnos todos en la derecha, dejando de lado diferencias de identidad partidaria, a cambio de un bien mayor que es actuar unidos y sin exclusiones frente a la amenaza de la Convenci\u00f3n Constituyente, y para procurar constructivamente un pa\u00eds mejor para todos\u201d.<br \/>\n<!--more--><br \/>\n\u201cNadie sobra en nuestro sector. Por eso he decido actuar desde hoy como parlamentario independiente, porque as\u00ed puedo ayudar mejor a la unidad, defender las ideas de libertad y representar con convicci\u00f3n a mis electores con consistencia con mi lema de campa\u00f1a: \u2018Uniendo a la derecha\u2019\u201d, expres\u00f3.<\/p>\n<p>Finalmente, se mostr\u00f3 \u201cmuy agradecido de Republicanos y de Jos\u00e9 Antonio Kast. Nunca los defraudar\u00e9 en mis votaciones. Viva Chile libre\u201d.<\/p>\n<blockquote class=\"wp-embedded-content\" data-secret=\"uULJNdcOpH\"><p><a href=\"https:\/\/www.lanacion.cl\/gonzalo-de-la-carrera-anuncio-su-renuncia-al-partido-republicano\/\">Gonzalo de la Carrera anunci\u00f3 su renuncia al Partido Republicano<\/a><\/p><\/blockquote>\n<p><iframe loading=\"lazy\" class=\"wp-embedded-content\" sandbox=\"allow-scripts\" security=\"restricted\" style=\"position: absolute; visibility: hidden;\" title=\"&#8220;Gonzalo de la Carrera anunci\u00f3 su renuncia al Partido Republicano&#8221; &#8212; La Naci\u00f3n\" src=\"https:\/\/www.lanacion.cl\/gonzalo-de-la-carrera-anuncio-su-renuncia-al-partido-republicano\/embed\/#?secret=xIAtuSShh3#?secret=uULJNdcOpH\" data-secret=\"uULJNdcOpH\" width=\"500\" height=\"282\" frameborder=\"0\" marginwidth=\"0\" marginheight=\"0\" scrolling=\"no\"><\/iframe><br \/>\nFUENTE. LA NACION.CL<br \/>\nMEDIO DE DIFUSI\u00d3N , SIN FIN DE LUCRO ALGUNO <\/p>\n","protected":false},"excerpt":{"rendered":"<p>El diputado electo por el Distrito 11, Gonzalo de la Carrera, anunci\u00f3 en la tarde del mi\u00e9rcoles su renuncia al Partido Republicano. A trav\u00e9s de un comunicado dado a conocer en su cuenta de Twitter, el futuro legislador dijo que \u201choy es momento de unirnos todos en la derecha, dejando de lado diferencias de identidad [&hellip;]<\/p>\n","protected":false},"author":51,"featured_media":0,"comment_status":"open","ping_status":"open","sticky":false,"template":"","format":"standard","meta":{"footnotes":""},"categories":[8,4,9,16,1,31,11],"tags":[],"class_list":["post-27240","post","type-post","status-publish","format-standard","hentry","category-cultura","category-economia","category-educacion","category-nacional","category-uncategorized","category-salud","category-tendencias"],"_links":{"self":[{"href":"http:\/\/www.lanuevaopcion.cl\/index.php?rest_route=\/wp\/v2\/posts\/27240","targetHints":{"allow":["GET"]}}],"collection":[{"href":"http:\/\/www.lanuevaopcion.cl\/index.php?rest_route=\/wp\/v2\/posts"}],"about":[{"href":"http:\/\/www.lanuevaopcion.cl\/index.php?rest_route=\/wp\/v2\/types\/post"}],"author":[{"embeddable":true,"href":"http:\/\/www.lanuevaopcion.cl\/index.php?rest_route=\/wp\/v2\/users\/51"}],"replies":[{"embeddable":true,"href":"http:\/\/www.lanuevaopcion.cl\/index.php?rest_route=%2Fwp%2Fv2%2Fcomments&post=27240"}],"version-history":[{"count":2,"href":"http:\/\/www.lanuevaopcion.cl\/index.php?rest_route=\/wp\/v2\/posts\/27240\/revisions"}],"predecessor-version":[{"id":27242,"href":"http:\/\/www.lanuevaopcion.cl\/index.php?rest_route=\/wp\/v2\/posts\/27240\/revisions\/27242"}],"wp:attachment":[{"href":"http:\/\/www.lanuevaopcion.cl\/index.php?rest_route=%2Fwp%2Fv2%2Fmedia&parent=27240"}],"wp:term":[{"taxonomy":"category","embeddable":true,"href":"http:\/\/www.lanuevaopcion.cl\/index.php?rest_route=%2Fwp%2Fv2%2Fcategories&post=27240"},{"taxonomy":"post_tag","embeddable":true,"href":"http:\/\/www.lanuevaopcion.cl\/index.php?rest_route=%2Fwp%2Fv2%2Ftags&post=27240"}],"curies":[{"name":"wp","href":"https:\/\/api.w.org\/{rel}","templated":true}]}}