{"id":27230,"date":"2021-12-20T11:32:36","date_gmt":"2021-12-20T11:32:36","guid":{"rendered":"http:\/\/www.lanuevaopcion.cl\/?p=27230"},"modified":"2021-12-20T11:36:45","modified_gmt":"2021-12-20T11:36:45","slug":"gabriel-boric-es-el-nuevo-presidente-electo-de-chile","status":"publish","type":"post","link":"http:\/\/www.lanuevaopcion.cl\/?p=27230","title":{"rendered":"GABRIEL BORIC ES EL NUEVO PRESIDENTE ELECTO DE CHILE"},"content":{"rendered":"<p><img loading=\"lazy\" decoding=\"async\"  alt=\"\" src=\"https:\/\/storage.googleapis.com\/lanacion-media-storage\/2021\/12\/82bc6287-foto-celebracion-324x160.jpg\" class=\"alignleft\" width=\"324\" height=\"160\" \/ class=\"alignleft\" style=\"margin-right:15px;margin-bottom:10px;float:left;\" ><br \/>\nEl candidato presidencial de Apruebo Dignidad, Gabriel Boric, se impuso este domingo en la segunda vuelta gan\u00e1ndole al abanderado del Frente Social Cristiano, Jos\u00e9 Antonio Kast.<\/p>\n<p>Con el 68,78% de las mesas escrutadas, Boric logra el 55,18% de los sufragios (3.029.003 votos) y Kast el 44,82% (2.994.564 votos).<br \/>\n<!--more--><br \/>\nBoric, que el pr\u00f3ximo 11 de febrero cumple 36 a\u00f1os, se transform\u00f3 en el nuevo mandatario que gobernar\u00e1 hasta el 2026 si es que la propuesta constitucional de la Convenci\u00f3n no se\u00f1ala otra cosa. Ser\u00e1 el Mandatario de menor edad de la historia de Chile, superando por meses a Manuel Blanco Encalada.<\/p>\n<blockquote class=\"wp-embedded-content\" data-secret=\"Z9Sy6jWrMg\"><p><a href=\"https:\/\/www.lanacion.cl\/gabriel-boric-es-el-nuevo-presidente-electo-de-chile\/\">Gabriel Boric es el nuevo presidente electo de Chile<\/a><\/p><\/blockquote>\n<p><iframe loading=\"lazy\" class=\"wp-embedded-content\" sandbox=\"allow-scripts\" security=\"restricted\" style=\"position: absolute; visibility: hidden;\" title=\"&#8220;Gabriel Boric es el nuevo presidente electo de Chile&#8221; &#8212; La Naci\u00f3n\" src=\"https:\/\/www.lanacion.cl\/gabriel-boric-es-el-nuevo-presidente-electo-de-chile\/embed\/#?secret=iemAfCNLs9#?secret=Z9Sy6jWrMg\" data-secret=\"Z9Sy6jWrMg\" width=\"500\" height=\"282\" frameborder=\"0\" marginwidth=\"0\" marginheight=\"0\" scrolling=\"no\"><\/iframe><br \/>\nFUENTE. LA NACION.CL<br \/>\nFOTO. ELMOSTRADOR.CL<br \/>\nMEDIO DE DIFUSI\u00d3N , SIN FIN DE LUCRO ALGUNO <\/p>\n","protected":false},"excerpt":{"rendered":"<p>El candidato presidencial de Apruebo Dignidad, Gabriel Boric, se impuso este domingo en la segunda vuelta gan\u00e1ndole al abanderado del Frente Social Cristiano, Jos\u00e9 Antonio Kast. Con el 68,78% de las mesas escrutadas, Boric logra el 55,18% de los sufragios (3.029.003 votos) y Kast el 44,82% (2.994.564 votos).<\/p>\n","protected":false},"author":51,"featured_media":0,"comment_status":"open","ping_status":"open","sticky":false,"template":"","format":"standard","meta":{"footnotes":""},"categories":[4,9,5,16,1,31,11],"tags":[803],"class_list":["post-27230","post","type-post","status-publish","format-standard","hentry","category-economia","category-educacion","category-internacional","category-nacional","category-uncategorized","category-salud","category-tendencias","tag-bodric-presidente-2022-2026"],"_links":{"self":[{"href":"http:\/\/www.lanuevaopcion.cl\/index.php?rest_route=\/wp\/v2\/posts\/27230","targetHints":{"allow":["GET"]}}],"collection":[{"href":"http:\/\/www.lanuevaopcion.cl\/index.php?rest_route=\/wp\/v2\/posts"}],"about":[{"href":"http:\/\/www.lanuevaopcion.cl\/index.php?rest_route=\/wp\/v2\/types\/post"}],"author":[{"embeddable":true,"href":"http:\/\/www.lanuevaopcion.cl\/index.php?rest_route=\/wp\/v2\/users\/51"}],"replies":[{"embeddable":true,"href":"http:\/\/www.lanuevaopcion.cl\/index.php?rest_route=%2Fwp%2Fv2%2Fcomments&post=27230"}],"version-history":[{"count":4,"href":"http:\/\/www.lanuevaopcion.cl\/index.php?rest_route=\/wp\/v2\/posts\/27230\/revisions"}],"predecessor-version":[{"id":27234,"href":"http:\/\/www.lanuevaopcion.cl\/index.php?rest_route=\/wp\/v2\/posts\/27230\/revisions\/27234"}],"wp:attachment":[{"href":"http:\/\/www.lanuevaopcion.cl\/index.php?rest_route=%2Fwp%2Fv2%2Fmedia&parent=27230"}],"wp:term":[{"taxonomy":"category","embeddable":true,"href":"http:\/\/www.lanuevaopcion.cl\/index.php?rest_route=%2Fwp%2Fv2%2Fcategories&post=27230"},{"taxonomy":"post_tag","embeddable":true,"href":"http:\/\/www.lanuevaopcion.cl\/index.php?rest_route=%2Fwp%2Fv2%2Ftags&post=27230"}],"curies":[{"name":"wp","href":"https:\/\/api.w.org\/{rel}","templated":true}]}}