{"id":27224,"date":"2021-12-16T11:58:47","date_gmt":"2021-12-16T11:58:47","guid":{"rendered":"http:\/\/www.lanuevaopcion.cl\/?p=27224"},"modified":"2021-12-17T12:15:29","modified_gmt":"2021-12-17T12:15:29","slug":"ipom-banco-central-mantiene-proyeccion-de-fuerte-desaceleracion-para-2022-2023","status":"publish","type":"post","link":"http:\/\/www.lanuevaopcion.cl\/?p=27224","title":{"rendered":"IPOM: BANCO CENTRAL MANTIENE PROYECCI\u00d3N DE FUERTE DESACELERACI\u00d3N PARA 2022-2023"},"content":{"rendered":"<p><img loading=\"lazy\" decoding=\"async\"  alt=\"\" src=\"https:\/\/img.europapress.es\/fotoweb\/fotonoticia_20210715125635_420.jpg\" class=\"alignleft\" width=\"420\" height=\"280\" \/ class=\"alignleft\" style=\"margin-right:15px;margin-bottom:10px;float:left;\" ><br \/>\nEl Banco Central (BC) present\u00f3 este mi\u00e9rcoles su Informe de Pol\u00edtica Monetaria (IPoM) de diciembre de 2021, un d\u00eda despu\u00e9s de acordar -de manera un\u00e1nime- el incremento de la tasa de inter\u00e9s en 125 puntos base, alcanzando el 4,0%.<\/p>\n<p>En el documento, la entidad liderada por Mario Marcel advirti\u00f3 que la econom\u00eda chilena se ha mantenido en una fuerte expansi\u00f3n liderada por el consumo privado.<\/p>\n<p>De esta forma, la proyecci\u00f3n de crecimiento se elev\u00f3 a entre 11,5% y 12% para este a\u00f1o, superando el 10,5% y 11,5% previsto en septiembre.<br \/>\n<!--more--><br \/>\nEsto se debe al \u201cmayor dinamismo de la actividad y del gasto, con revisiones importantes en el consumo privado y la inversi\u00f3n en maquinaria y equipos\u201d, seg\u00fan inform\u00f3 el texto.<\/p>\n<p>Sin embargo, el Banco mantiene sus pron\u00f3sticos de una fuerte desaceleraci\u00f3n para 2022 y 2023, entre 1,5 y 2,5%, y entre 0,0 y 1,0%, respectivamente.<\/p>\n<p>\u201cLa elevada base de comparaci\u00f3n, la extinci\u00f3n de las transferencias fiscales directas, la utilizaci\u00f3n de la liquidez acumulada en los \u00faltimos trimestres, la mayor estrechez de las condiciones financieras y la la acci\u00f3n de la pol\u00edtica monetaria, llevar\u00e1 a una contracci\u00f3n del consumo privado en los pr\u00f3ximos dos a\u00f1os\u201d, consign\u00f3 el organismo.<\/p>\n<p>\u201cEn el escenario central, este caer\u00e1 0,2% el 2022 y 1,5% el 2023, explicado por una reducci\u00f3n sustancial del consumo de bienes durables luego de su fuerte acumulaci\u00f3n durante el 2021\u201d, advirti\u00f3.<\/p>\n<p>Respecto a la inversi\u00f3n, el BC adelant\u00f3 una reducci\u00f3n del 2,2% el pr\u00f3ximo a\u00f1o para luego aumentar marginalmente en 2023. Se avizora un discreto desempe\u00f1o de la Formaci\u00f3n Bruta de Capital Fijo en los pr\u00f3ximos dos a\u00f1os debido al deterioro de sus determinantes fundamentales.<\/p>\n<p>Entre las condiciones para ello est\u00e1n los cambios estructurales producidos por los retiros a los fondos de pensiones, adem\u00e1s de la persistencia de una mayor incertidumbre y el aumento del costo de las importaciones debido a la depreciaci\u00f3n del peso.<\/p>\n<p>En relaci\u00f3n a la inflaci\u00f3n, el IPoM afirm\u00f3 que se mantendr\u00e1 cerca del 7% \u201cpor algunos meses\u201d para luego descender paulatinamente hasta llegar al 3%. \u201cSe prev\u00e9 que, hacia el primer semestre del 2022, alcanzar\u00e1 valores superiores a 6%, impulsado por la indexaci\u00f3n y el traspaso de la depreciaci\u00f3n cambiaria\u201d, consign\u00f3.<\/p>\n<p>Adem\u00e1s, advirti\u00f3 que retirar los est\u00edmulos de transferencia directa, como el IFE, los bonos o los giros a las AFP, ser\u00e1 clave para contener la inflaci\u00f3n.<\/p>\n<p>\u201cLos costos de la inflaci\u00f3n sobre la econom\u00eda ya son visibles, y se han transformado en una de las principales preocupaciones econ\u00f3micas de hogares y empresas. La contenci\u00f3n de las presiones inflacionarias requerir\u00e1 el retiro de las medidas de est\u00edmulo a la demanda interna desplegadas durante la crisis\u201d, indic\u00f3.<\/p>\n<p>En esa l\u00ednea, el informe se\u00f1al\u00f3 que la brecha se cerrar\u00e1 desde el primer trimestre de 2022, suponiendo \u201cel t\u00e9rmino de los programas masivos de transferencias del Fisco motivados por la emergencia sanitaria, as\u00ed como de los retiros extraordinarios de los fondos de pensiones\u201d.<\/p>\n<p>Adem\u00e1s, incluye \u201cuna pol\u00edtica monetaria m\u00e1s restrictiva y supone un retorno de las expectativas de inflaci\u00f3n a dos a\u00f1os plazo a la meta de 3%. Aun as\u00ed, el escenario central mantiene niveles de incertidumbre por sobre los hist\u00f3ricos, lo que incide especialmente sobre la inversi\u00f3n y la creaci\u00f3n de empleos\u201d.<\/p>\n<p>Finalmente, sobre la decisi\u00f3n de incrementar la tasa de inter\u00e9s en 125 puntos base para alcanzar el 4,0%, el Banco Central estim\u00f3 que seguir\u00e1 aumentando en el corto plazo \u201cpara ubicarse por sobre su nivel neutral nominal -aquel que es coherente con la meta de inflaci\u00f3n de 3%- durante gran parte del horizonte de pol\u00edtica monetaria\u201d.<\/p>\n<p>Sin embargo, advirti\u00f3 que \u201ccon ello la brecha de actividad se cerrar\u00e1 gradualmente, colaborando a que la din\u00e1mica inflacionaria reciente no tenga un impacto persistente sobre el proceso de formaci\u00f3n de precios\u201d.<\/p>\n<blockquote class=\"wp-embedded-content\" data-secret=\"hVHy9aZnDX\"><p><a href=\"https:\/\/www.lanacion.cl\/ipom-banco-central-mantiene-proyeccion-de-fuerte-desaceleracion-para-2022-2023\/\">IPoM: Banco Central mantiene proyecci\u00f3n de fuerte desaceleraci\u00f3n para 2022-2023<\/a><\/p><\/blockquote>\n<p><iframe loading=\"lazy\" class=\"wp-embedded-content\" sandbox=\"allow-scripts\" security=\"restricted\" style=\"position: absolute; visibility: hidden;\" title=\"&#8220;IPoM: Banco Central mantiene proyecci\u00f3n de fuerte desaceleraci\u00f3n para 2022-2023&#8221; &#8212; La Naci\u00f3n\" src=\"https:\/\/www.lanacion.cl\/ipom-banco-central-mantiene-proyeccion-de-fuerte-desaceleracion-para-2022-2023\/embed\/#?secret=DexkNCmW9Y#?secret=hVHy9aZnDX\" data-secret=\"hVHy9aZnDX\" width=\"500\" height=\"282\" frameborder=\"0\" marginwidth=\"0\" marginheight=\"0\" scrolling=\"no\"><\/iframe><br \/>\nFUENTE. LA NACION.CL<br \/>\nFOTO.NOTIMERICA.COM<br \/>\nMEDIO DE DIFUSI\u00d3N, SIN FIN DE LUCRO ALGUNO <\/p>\n","protected":false},"excerpt":{"rendered":"<p>El Banco Central (BC) present\u00f3 este mi\u00e9rcoles su Informe de Pol\u00edtica Monetaria (IPoM) de diciembre de 2021, un d\u00eda despu\u00e9s de acordar -de manera un\u00e1nime- el incremento de la tasa de inter\u00e9s en 125 puntos base, alcanzando el 4,0%. En el documento, la entidad liderada por Mario Marcel advirti\u00f3 que la econom\u00eda chilena se ha [&hellip;]<\/p>\n","protected":false},"author":51,"featured_media":0,"comment_status":"open","ping_status":"open","sticky":false,"template":"","format":"standard","meta":{"footnotes":""},"categories":[4,9,5,16,1,31,11],"tags":[15],"class_list":["post-27224","post","type-post","status-publish","format-standard","hentry","category-economia","category-educacion","category-internacional","category-nacional","category-uncategorized","category-salud","category-tendencias","tag-banco-central"],"_links":{"self":[{"href":"http:\/\/www.lanuevaopcion.cl\/index.php?rest_route=\/wp\/v2\/posts\/27224","targetHints":{"allow":["GET"]}}],"collection":[{"href":"http:\/\/www.lanuevaopcion.cl\/index.php?rest_route=\/wp\/v2\/posts"}],"about":[{"href":"http:\/\/www.lanuevaopcion.cl\/index.php?rest_route=\/wp\/v2\/types\/post"}],"author":[{"embeddable":true,"href":"http:\/\/www.lanuevaopcion.cl\/index.php?rest_route=\/wp\/v2\/users\/51"}],"replies":[{"embeddable":true,"href":"http:\/\/www.lanuevaopcion.cl\/index.php?rest_route=%2Fwp%2Fv2%2Fcomments&post=27224"}],"version-history":[{"count":3,"href":"http:\/\/www.lanuevaopcion.cl\/index.php?rest_route=\/wp\/v2\/posts\/27224\/revisions"}],"predecessor-version":[{"id":27229,"href":"http:\/\/www.lanuevaopcion.cl\/index.php?rest_route=\/wp\/v2\/posts\/27224\/revisions\/27229"}],"wp:attachment":[{"href":"http:\/\/www.lanuevaopcion.cl\/index.php?rest_route=%2Fwp%2Fv2%2Fmedia&parent=27224"}],"wp:term":[{"taxonomy":"category","embeddable":true,"href":"http:\/\/www.lanuevaopcion.cl\/index.php?rest_route=%2Fwp%2Fv2%2Fcategories&post=27224"},{"taxonomy":"post_tag","embeddable":true,"href":"http:\/\/www.lanuevaopcion.cl\/index.php?rest_route=%2Fwp%2Fv2%2Ftags&post=27224"}],"curies":[{"name":"wp","href":"https:\/\/api.w.org\/{rel}","templated":true}]}}