{"id":27216,"date":"2021-12-13T11:37:48","date_gmt":"2021-12-13T11:37:48","guid":{"rendered":"http:\/\/www.lanuevaopcion.cl\/?p=27216"},"modified":"2021-12-13T11:37:48","modified_gmt":"2021-12-13T11:37:48","slug":"bachelet-senalo-que-paridad-en-el-proceso-constituyente-fue-%e2%80%9cun-logro-significativo%e2%80%9d","status":"publish","type":"post","link":"http:\/\/www.lanuevaopcion.cl\/?p=27216","title":{"rendered":"BACHELET SE\u00d1AL\u00d3 QUE PARIDAD EN EL PROCESO CONSTITUYENTE FUE \u201cUN LOGRO SIGNIFICATIVO\u201d"},"content":{"rendered":"<p><img loading=\"lazy\" decoding=\"async\"  alt=\"\" src=\"https:\/\/pbs.twimg.com\/profile_images\/1044698595369390082\/RTCKBD_K_400x400.jpg\" class=\"alignleft\" width=\"400\" height=\"400\" \/ class=\"alignleft\" style=\"margin-right:15px;margin-bottom:10px;float:left;\" ><br \/>\nEn medio del seminario internacional \u201cIgualdad de G\u00e9nero y Constituci\u00f3n\u201d, el cual estuvo organizada por la Organizaci\u00f3n de las Naciones Unidas (ONU), la exPresidenta Michelle Bachelet se refiri\u00f3 al proceso constituyente de nuestro pa\u00eds y destac\u00f3 la paridad en el mismo.<\/p>\n<p>\u201cNecesitamos esfuerzos sostenidos para alcanzar una democracia paritaria, s\u00f3lida e inclusiva\u201d por lo que \u201cacojo con satisfacci\u00f3n la paridad en la elecci\u00f3n popular de las y los 155 constituyentes chilenos y con esca\u00f1os reservados para los pueblos ind\u00edgenas\u201d, precis\u00f3 la alta comisionada de las Naciones Unidas para los derechos humanos.<br \/>\n<!--more--><br \/>\n\u201cEsta paridad representa un logro significativo para que las mujeres en toda su diversidad est\u00e9n plenamente representadas en pie de igualdad con los hombres, participando desde el principio en la construcci\u00f3n de una nueva sociedad para los chilenos y chilenas\u201d, agreg\u00f3 Bachelet.<\/p>\n<p>A pesar de lo anterior, se mostr\u00f3 preocupada en esta misma materia, pues confirm\u00f3 que \u201cal ritmo actual, la paridad de g\u00e9nero no se alcanzar\u00e1 en las asambleas legislativas nacionales antes del 2063 y no tendremos el mismo n\u00famero de mujeres y hombres como jefes de gobierno antes del 21050\u201d.<\/p>\n<p>En este sentido, indic\u00f3 que la Convenci\u00f3n Constitucional ayudar\u00e1 para dar \u201cpasos firmes para superar la arraigada desigualdad de g\u00e9nero, dejar atr\u00e1s el modelo patriarcal y avanzar en el respeto de la protecci\u00f3n y la garant\u00eda de los derechos de las mujeres. Esto se incluye en el derecho a una vida libre de violencia y el goce de los derechos sexuales y reproductivos sin discriminaci\u00f3n\u201d.<\/p>\n<p>En la instancia, adem\u00e1s de la participaci\u00f3n de otros miembros de la ONU, tambi\u00e9n estuvieron presentes diversos participantes del \u00f3rgano constituyente, entre ellos Ingrid Villena (Pueblo Constituyente), B\u00e1rbara Sep\u00falveda (PC) e Isabella Mamani (PP.OO).<\/p>\n<blockquote class=\"wp-embedded-content\" data-secret=\"m1Nys4vvNH\"><p><a href=\"https:\/\/www.lanacion.cl\/bachelet-senalo-que-paridad-en-el-proceso-constituyente-fue-un-logro-significativo\/\">Bachelet se\u00f1al\u00f3 que paridad en el proceso constituyente fue &#8220;un logro significativo&#8221;<\/a><\/p><\/blockquote>\n<p><iframe loading=\"lazy\" class=\"wp-embedded-content\" sandbox=\"allow-scripts\" security=\"restricted\" style=\"position: absolute; visibility: hidden;\" title=\"&#8220;Bachelet se\u00f1al\u00f3 que paridad en el proceso constituyente fue &#8220;un logro significativo&#8221;&#8221; &#8212; La Naci\u00f3n\" src=\"https:\/\/www.lanacion.cl\/bachelet-senalo-que-paridad-en-el-proceso-constituyente-fue-un-logro-significativo\/embed\/#?secret=4YTfNXt3U6#?secret=m1Nys4vvNH\" data-secret=\"m1Nys4vvNH\" width=\"500\" height=\"282\" frameborder=\"0\" marginwidth=\"0\" marginheight=\"0\" scrolling=\"no\"><\/iframe><br \/>\nFUENTE. LA NACION.CL<br \/>\nMEDIO DE DIFUSI\u00d3N , SIN FIN DE LUCRO ALGUNO <\/p>\n","protected":false},"excerpt":{"rendered":"<p>En medio del seminario internacional \u201cIgualdad de G\u00e9nero y Constituci\u00f3n\u201d, el cual estuvo organizada por la Organizaci\u00f3n de las Naciones Unidas (ONU), la exPresidenta Michelle Bachelet se refiri\u00f3 al proceso constituyente de nuestro pa\u00eds y destac\u00f3 la paridad en el mismo. \u201cNecesitamos esfuerzos sostenidos para alcanzar una democracia paritaria, s\u00f3lida e inclusiva\u201d por lo que [&hellip;]<\/p>\n","protected":false},"author":51,"featured_media":0,"comment_status":"open","ping_status":"open","sticky":false,"template":"","format":"standard","meta":{"footnotes":""},"categories":[8,4,9,5,16,1,31,11],"tags":[80],"class_list":["post-27216","post","type-post","status-publish","format-standard","hentry","category-cultura","category-economia","category-educacion","category-internacional","category-nacional","category-uncategorized","category-salud","category-tendencias","tag-onu"],"_links":{"self":[{"href":"http:\/\/www.lanuevaopcion.cl\/index.php?rest_route=\/wp\/v2\/posts\/27216","targetHints":{"allow":["GET"]}}],"collection":[{"href":"http:\/\/www.lanuevaopcion.cl\/index.php?rest_route=\/wp\/v2\/posts"}],"about":[{"href":"http:\/\/www.lanuevaopcion.cl\/index.php?rest_route=\/wp\/v2\/types\/post"}],"author":[{"embeddable":true,"href":"http:\/\/www.lanuevaopcion.cl\/index.php?rest_route=\/wp\/v2\/users\/51"}],"replies":[{"embeddable":true,"href":"http:\/\/www.lanuevaopcion.cl\/index.php?rest_route=%2Fwp%2Fv2%2Fcomments&post=27216"}],"version-history":[{"count":1,"href":"http:\/\/www.lanuevaopcion.cl\/index.php?rest_route=\/wp\/v2\/posts\/27216\/revisions"}],"predecessor-version":[{"id":27217,"href":"http:\/\/www.lanuevaopcion.cl\/index.php?rest_route=\/wp\/v2\/posts\/27216\/revisions\/27217"}],"wp:attachment":[{"href":"http:\/\/www.lanuevaopcion.cl\/index.php?rest_route=%2Fwp%2Fv2%2Fmedia&parent=27216"}],"wp:term":[{"taxonomy":"category","embeddable":true,"href":"http:\/\/www.lanuevaopcion.cl\/index.php?rest_route=%2Fwp%2Fv2%2Fcategories&post=27216"},{"taxonomy":"post_tag","embeddable":true,"href":"http:\/\/www.lanuevaopcion.cl\/index.php?rest_route=%2Fwp%2Fv2%2Ftags&post=27216"}],"curies":[{"name":"wp","href":"https:\/\/api.w.org\/{rel}","templated":true}]}}