{"id":27214,"date":"2021-12-10T11:57:50","date_gmt":"2021-12-10T11:57:50","guid":{"rendered":"http:\/\/www.lanuevaopcion.cl\/?p=27214"},"modified":"2021-12-10T11:57:50","modified_gmt":"2021-12-10T11:57:50","slug":"ricardo-lagos-y-segunda-vuelta-%e2%80%9chay-que-buscar-un-mayor-grado-de-consenso%e2%80%9d","status":"publish","type":"post","link":"http:\/\/www.lanuevaopcion.cl\/?p=27214","title":{"rendered":"RICARDO LAGOS Y SEGUNDA VUELTA: \u201cHAY QUE BUSCAR UN MAYOR GRADO DE CONSENSO\u201d"},"content":{"rendered":"<p><img loading=\"lazy\" decoding=\"async\"  alt=\"\" src=\"https:\/\/storage.googleapis.com\/lanacion-media-storage\/2021\/12\/f3992db5-foto-lagos-324x160.jpg\" class=\"alignleft\" width=\"324\" height=\"160\" \/ class=\"alignleft\" style=\"margin-right:15px;margin-bottom:10px;float:left;\" ><br \/>\nEl expresidente de Chile, Ricardo Lagos, se refiri\u00f3 a lo que ser\u00e1 la segunda vuelta de las elecciones presidenciales, que enfrentar\u00e1 a los candidatos Gabriel Boric (Apruebo Dignidad) y Jos\u00e9 Antonio Kast (Frente Social Cristiano) el pr\u00f3ximo 19 de diciembre.<\/p>\n<p>El exgobernante fue enf\u00e1tico en se\u00f1alar que ambos aspirantes a La Moneda debieran dar una se\u00f1al de unidad luego de que se conozcan los resultados de los comicios. \u201cLa segunda vuelta es distinta y me parece que es un buen signo el entender que hay que buscar un mayor grado de consenso y amplitud\u201d, expres\u00f3 en conversaci\u00f3n con EmolTV.<br \/>\n<!--more--><br \/>\nRemarc\u00f3 que \u201clo m\u00e1s lamentable es que Chile se encuentra tan consolidad en uno y otro sector, que parece imposible tener puntos de vista en com\u00fan, y la verdad se encuentra al final, cuando dos personas que piensan distinto se ponen de acuerdo\u201d.<\/p>\n<p>A\u00f1adi\u00f3 que \u201cser\u00eda tan importante que aquel que gane en unos d\u00edas, llamara al otro y le dijera \u2018veamos en qu\u00e9 puntos podemos concordar\u2019 y dar una se\u00f1al al pa\u00eds\u201d.<\/p>\n<p>\u201cCreo que el pa\u00eds estar\u00eda un poquito m\u00e1s tranquilo si viera que hay estas iniciativas para concordar elementos en com\u00fan. Es entendible que cuando hay momentos importantes, los presidentes tienen que hacer gestos de esta naturaleza\u201d, dijo.<\/p>\n<p>Lagos asegur\u00f3 que entre ambas candidaturas existen \u201celementos muy importantes que podr\u00edamos empezar a pensar en com\u00fan. Por ejemplo, respecto al tema de innovaci\u00f3n, lo que se quiere hacer con la Corfo, hab\u00edan temas parecidos que ambos quer\u00edan abordar\u201d.<\/p>\n<p>\u201cEn un sistema democr\u00e1tico, tenemos que respetarnos los unos a los otros y respetar porque la verdad de uno termina cuando empieza la verdad del otro. Por lo tanto, entre ambos se tiene que alcanzar un consenso\u201d, sentenci\u00f3.<\/p>\n<blockquote class=\"wp-embedded-content\" data-secret=\"GFAc12BY0T\"><p><a href=\"https:\/\/www.lanacion.cl\/ricardo-lagos-y-segunda-vuelta-hay-que-buscar-un-mayor-grado-de-consenso\/\">Ricardo Lagos y segunda vuelta: &#8220;Hay que buscar un mayor grado de consenso&#8221;<\/a><\/p><\/blockquote>\n<p><iframe loading=\"lazy\" class=\"wp-embedded-content\" sandbox=\"allow-scripts\" security=\"restricted\" style=\"position: absolute; visibility: hidden;\" title=\"&#8220;Ricardo Lagos y segunda vuelta: &#8220;Hay que buscar un mayor grado de consenso&#8221;&#8221; &#8212; La Naci\u00f3n\" src=\"https:\/\/www.lanacion.cl\/ricardo-lagos-y-segunda-vuelta-hay-que-buscar-un-mayor-grado-de-consenso\/embed\/#?secret=curBiWgUGN#?secret=GFAc12BY0T\" data-secret=\"GFAc12BY0T\" width=\"500\" height=\"282\" frameborder=\"0\" marginwidth=\"0\" marginheight=\"0\" scrolling=\"no\"><\/iframe><br \/>\nFUENTE. LA NACION.CL<br \/>\nMEDIO DE DIFUSI\u00d3N, SIN FIN DE LUCRO ALGUNO<\/p>\n","protected":false},"excerpt":{"rendered":"<p>El expresidente de Chile, Ricardo Lagos, se refiri\u00f3 a lo que ser\u00e1 la segunda vuelta de las elecciones presidenciales, que enfrentar\u00e1 a los candidatos Gabriel Boric (Apruebo Dignidad) y Jos\u00e9 Antonio Kast (Frente Social Cristiano) el pr\u00f3ximo 19 de diciembre. El exgobernante fue enf\u00e1tico en se\u00f1alar que ambos aspirantes a La Moneda debieran dar una [&hellip;]<\/p>\n","protected":false},"author":51,"featured_media":0,"comment_status":"open","ping_status":"open","sticky":false,"template":"","format":"standard","meta":{"footnotes":""},"categories":[4,16,1,11],"tags":[675],"class_list":["post-27214","post","type-post","status-publish","format-standard","hentry","category-economia","category-nacional","category-uncategorized","category-tendencias","tag-cronica"],"_links":{"self":[{"href":"http:\/\/www.lanuevaopcion.cl\/index.php?rest_route=\/wp\/v2\/posts\/27214","targetHints":{"allow":["GET"]}}],"collection":[{"href":"http:\/\/www.lanuevaopcion.cl\/index.php?rest_route=\/wp\/v2\/posts"}],"about":[{"href":"http:\/\/www.lanuevaopcion.cl\/index.php?rest_route=\/wp\/v2\/types\/post"}],"author":[{"embeddable":true,"href":"http:\/\/www.lanuevaopcion.cl\/index.php?rest_route=\/wp\/v2\/users\/51"}],"replies":[{"embeddable":true,"href":"http:\/\/www.lanuevaopcion.cl\/index.php?rest_route=%2Fwp%2Fv2%2Fcomments&post=27214"}],"version-history":[{"count":1,"href":"http:\/\/www.lanuevaopcion.cl\/index.php?rest_route=\/wp\/v2\/posts\/27214\/revisions"}],"predecessor-version":[{"id":27215,"href":"http:\/\/www.lanuevaopcion.cl\/index.php?rest_route=\/wp\/v2\/posts\/27214\/revisions\/27215"}],"wp:attachment":[{"href":"http:\/\/www.lanuevaopcion.cl\/index.php?rest_route=%2Fwp%2Fv2%2Fmedia&parent=27214"}],"wp:term":[{"taxonomy":"category","embeddable":true,"href":"http:\/\/www.lanuevaopcion.cl\/index.php?rest_route=%2Fwp%2Fv2%2Fcategories&post=27214"},{"taxonomy":"post_tag","embeddable":true,"href":"http:\/\/www.lanuevaopcion.cl\/index.php?rest_route=%2Fwp%2Fv2%2Ftags&post=27214"}],"curies":[{"name":"wp","href":"https:\/\/api.w.org\/{rel}","templated":true}]}}