{"id":27207,"date":"2021-12-06T11:59:27","date_gmt":"2021-12-06T11:59:27","guid":{"rendered":"http:\/\/www.lanuevaopcion.cl\/?p=27207"},"modified":"2021-12-06T12:00:17","modified_gmt":"2021-12-06T12:00:17","slug":"presidente-pinera-se-reunira-esta-semana-en-chile-con-el-lider-opositor-espanol-pablo-casado-fuente-emolcom-httpswwwemolcomnoticiasinternacional202112051040408casado-pinera-gira-chil","status":"publish","type":"post","link":"http:\/\/www.lanuevaopcion.cl\/?p=27207","title":{"rendered":"Presidente Pi\u00f1era se reunir\u00e1 esta semana en Chile con el l\u00edder opositor espa\u00f1ol, Pablo Casado"},"content":{"rendered":"<p><img loading=\"lazy\" decoding=\"async\"  alt=\"\" src=\"https:\/\/static.emol.cl\/emol50\/Fotos\/Pandora\/2021\/12\/05\/file_20211205173405.jpg\" class=\"alignleft\" width=\"320\" height=\"200\" \/ class=\"alignleft\" style=\"margin-right:15px;margin-bottom:10px;float:left;\" ><br \/>\nEste ser\u00e1 el segundo encuentro en tres meses, ya que en septiembre ambas figuras pol\u00edticas tuvieron una cita en el marco de la gira del Mandatario nacional por Espa\u00f1a. <\/p>\n<p>En esa ocasi\u00f3n, tanto el l\u00edder opositor hispano como Pi\u00f1era abordaron \u00ablos principales puntos de la agenda para el fortalecimiento de la relaci\u00f3n de Chile con Espa\u00f1a y con la UE. Especialmente, el avance de la vacunaci\u00f3n, la oportunidad de incrementar las inversiones espa\u00f1olas en Chile, el uso de Espa\u00f1a como hub para los intereses de Chile en Europa, el desarrollo del proceso constituyente y la amenaza del populismo para el conjunto de la regi\u00f3n\u00bb, inform\u00f3 en ese entonces el PP.<br \/>\n<!--more--><br \/>\n\u00abTengo la fortuna de conocer a Sebasti\u00e1n Pi\u00f1era desde hace diez a\u00f1os y es una referencia de gesti\u00f3n p\u00fablica y de \u00e9xito personal. Es un gran amigo de Espa\u00f1a y que siempre ha buscado lo mejor para el v\u00ednculo hispano-chileno, como hizo en su visita a Espa\u00f1a, rebatiendo los ataques a la Hispanidad y reivindicando a la &#8216;madre patria&#8217; como parte de la historia com\u00fan y compartida muy positiva para todos, que debe mantenerse en el futuro\u00bb, dijo Casado a El Mercurio a fines de septiembre de este a\u00f1o.<\/p>\n<p> Esta visita del l\u00edder conservador se da en el marco de una gira por Sudam\u00e9rica, que partir\u00e1 el martes en Argentina, donde se reunir\u00e1 con el jefe de Gobierno de la Ciudad, Horacio Rodr\u00edguez. Luego se dirigir\u00e1 a Uruguay donde ser\u00e1 recibido por su presidente, Luis Lacalle Pou, al igual que en Paraguay, donde estar\u00e1 con el Mandatario Mario Abdo. Adem\u00e1s, mantendr\u00e1 encuentros con empresarios y medios de comunicaci\u00f3n en todos esos pa\u00edses.<\/p>\n<p>Fuente: Emol.com &#8211; https:\/\/www.emol.com\/noticias\/Internacional\/2021\/12\/05\/1040408\/casado-pinera-gira-chile.html<br \/>\nFUENTE. EMOL.COM<br \/>\nMEDIO DE DIFUSI\u00d3N , SIN FIN DE LUCRO ALGUNO<\/p>\n","protected":false},"excerpt":{"rendered":"<p>Este ser\u00e1 el segundo encuentro en tres meses, ya que en septiembre ambas figuras pol\u00edticas tuvieron una cita en el marco de la gira del Mandatario nacional por Espa\u00f1a. En esa ocasi\u00f3n, tanto el l\u00edder opositor hispano como Pi\u00f1era abordaron \u00ablos principales puntos de la agenda para el fortalecimiento de la relaci\u00f3n de Chile con [&hellip;]<\/p>\n","protected":false},"author":51,"featured_media":0,"comment_status":"open","ping_status":"open","sticky":false,"template":"","format":"standard","meta":{"footnotes":""},"categories":[4,9,5,1,31,11],"tags":[206,77],"class_list":["post-27207","post","type-post","status-publish","format-standard","hentry","category-economia","category-educacion","category-internacional","category-uncategorized","category-salud","category-tendencias","tag-espana","tag-mundo"],"_links":{"self":[{"href":"http:\/\/www.lanuevaopcion.cl\/index.php?rest_route=\/wp\/v2\/posts\/27207","targetHints":{"allow":["GET"]}}],"collection":[{"href":"http:\/\/www.lanuevaopcion.cl\/index.php?rest_route=\/wp\/v2\/posts"}],"about":[{"href":"http:\/\/www.lanuevaopcion.cl\/index.php?rest_route=\/wp\/v2\/types\/post"}],"author":[{"embeddable":true,"href":"http:\/\/www.lanuevaopcion.cl\/index.php?rest_route=\/wp\/v2\/users\/51"}],"replies":[{"embeddable":true,"href":"http:\/\/www.lanuevaopcion.cl\/index.php?rest_route=%2Fwp%2Fv2%2Fcomments&post=27207"}],"version-history":[{"count":2,"href":"http:\/\/www.lanuevaopcion.cl\/index.php?rest_route=\/wp\/v2\/posts\/27207\/revisions"}],"predecessor-version":[{"id":27209,"href":"http:\/\/www.lanuevaopcion.cl\/index.php?rest_route=\/wp\/v2\/posts\/27207\/revisions\/27209"}],"wp:attachment":[{"href":"http:\/\/www.lanuevaopcion.cl\/index.php?rest_route=%2Fwp%2Fv2%2Fmedia&parent=27207"}],"wp:term":[{"taxonomy":"category","embeddable":true,"href":"http:\/\/www.lanuevaopcion.cl\/index.php?rest_route=%2Fwp%2Fv2%2Fcategories&post=27207"},{"taxonomy":"post_tag","embeddable":true,"href":"http:\/\/www.lanuevaopcion.cl\/index.php?rest_route=%2Fwp%2Fv2%2Ftags&post=27207"}],"curies":[{"name":"wp","href":"https:\/\/api.w.org\/{rel}","templated":true}]}}