{"id":27109,"date":"2021-10-26T06:03:32","date_gmt":"2021-10-26T06:03:32","guid":{"rendered":"http:\/\/www.lanuevaopcion.cl\/?p=27109"},"modified":"2021-10-26T06:04:03","modified_gmt":"2021-10-26T06:04:03","slug":"%c2%abno-cuando-a-usted-le-parezca%e2%80%a6%c2%bb-la-respuesta-de-pamela-jiles-que-molesto-a-paulina-de-allende-salazar","status":"publish","type":"post","link":"http:\/\/www.lanuevaopcion.cl\/?p=27109","title":{"rendered":"\u00abNo cuando a usted le parezca\u2026\u00bb: la respuesta de Pamela Jiles que molest\u00f3 a Paulina de Allende-Salazar"},"content":{"rendered":"<p><img loading=\"lazy\" decoding=\"async\"  alt=\"\" src=\"https:\/\/www.lacuarta.com\/wp-content\/uploads\/2021\/10\/Paulina3-390x293.jpg\" class=\"alignleft\" width=\"390\" height=\"293\" \/ class=\"alignleft\" style=\"margin-right:15px;margin-bottom:10px;float:left;\" ><br \/>\nEn el marco del avance del proyecto que busca concretar el cuarto retiro de fondos de las AFP, la diputada Pamela Jiles accedi\u00f3 a una entrevista con el matinal Mucho Gusto.<\/p>\n<p>Cuando ingresaba al Congreso junto a Pablo Malt\u00e9s, la legisladora humanista aprovech\u00f3 las pantallas de Mega para apuntar a una grave \u00aboperaci\u00f3n pol\u00edtica\u00bb.<\/p>\n<p>\u00abEl plan que tienen, conducido en una medida importante por el candidato Boric, es alargar esta tramitaci\u00f3n para que no se produzca antes de la primera vuelta de la votaci\u00f3n del 21 de noviembre. \u00bfPara qu\u00e9? Para proteger a sus parlamentarios, diciendo \u2018s\u00ed, quiero el cuarto retiro\u2019 y luego entonces rechazarlo en conjunto, cuando ya no exista presi\u00f3n de la gente\u00bb, afirm\u00f3.<br \/>\n<!--more--><br \/>\nAdem\u00e1s, la parlamentaria dijo que \u00abla gente hoy, solo hoy, tiene el poder en decirle a los candidatos a que deben votar en el Senado y aprobar el cuarto retiro antes del 21 de noviembre\u00bb.<\/p>\n<p>Fue en este contexto que Diana Bolocco aprovech\u00f3 de hacer sus consultas sobre el tema: \u00abLe quiero hacer dos preguntas en una. \u00bfVe probable que se dilate la discusi\u00f3n en la sala para despu\u00e9s de las elecciones? Y dos: \u00bfQu\u00e9 le parece la indicaci\u00f3n de las rentas vitalicias? Hay algunos que postulan que, sacando las rentas vitalicias, podr\u00edan votar a favor del cuarto retiro\u00bb.<\/p>\n<p>\u00abComo les vuelvo a repetir, queridos colegas, ese no es el problema. En esta pregunta de Diana, muy valiosa, para que la hagamos una vez que se produzca la votaci\u00f3n. Muy valiosa la pregunta de Paulina (de Allende-Salazar) para que la hagamos cuando podamos tener la discusi\u00f3n sobre la inflaci\u00f3n o no la inflaci\u00f3n\u2026\u00bb, alcanz\u00f3 a responder Pamela Jiles, cuando fue interrumpida por la Paulina Allende-Salazar.<\/p>\n<p>\u00abPerdone que la interrumpa\u2026\u00bb<br \/>\nPaulina de Allende-Salazar: Ya, pero no creo que sea usted la que tenga que decir cuando son valiosas las preguntas, diputada. Perdone que la interrumpa, pero yo creo que los tiempos y el periodismo puede preguntar y ver\u00e1 cu\u00e1ndo hace la pregunta oportuna. No que siempre tenga que ser cuando a usted le parezca. Nosotros, Diana y yo, estamos haciendo la pregunta en el minuto que nos parece pertinente.<\/p>\n<p>Pamela Jiles: Por supuesto, Paulina. Y lo que estoy haciendo justamente es responderles, y responderles ponderando lo que ustedes me est\u00e1n preguntando. Lo que les estoy tratando de comunicar es que el problema de hoy no es la inflaci\u00f3n -a mi juicio, por supuesto, porque es a m\u00ed a la que est\u00e1n entrevistando- ni son las rentas vitalicias, el problema que les estoy indicando es que hay una operaci\u00f3n pol\u00edtica en curso.<br \/>\nhttps:\/\/www.lacuarta.com\/cronica\/noticia\/pamela-jiles-paulina-allende\/687108\/<br \/>\nFUENTE . LA CUARTA.COM<br \/>\nMEDIO DE DIFUSI\u00d3N , SIN FIN DE LUCRO ALGUNO <\/p>\n","protected":false},"excerpt":{"rendered":"<p>En el marco del avance del proyecto que busca concretar el cuarto retiro de fondos de las AFP, la diputada Pamela Jiles accedi\u00f3 a una entrevista con el matinal Mucho Gusto. Cuando ingresaba al Congreso junto a Pablo Malt\u00e9s, la legisladora humanista aprovech\u00f3 las pantallas de Mega para apuntar a una grave \u00aboperaci\u00f3n pol\u00edtica\u00bb. \u00abEl [&hellip;]<\/p>\n","protected":false},"author":51,"featured_media":0,"comment_status":"open","ping_status":"open","sticky":false,"template":"","format":"standard","meta":{"footnotes":""},"categories":[4,9,16,1,31,11],"tags":[788,144,116],"class_list":["post-27109","post","type-post","status-publish","format-standard","hentry","category-economia","category-educacion","category-nacional","category-uncategorized","category-salud","category-tendencias","tag-cronoca","tag-diputados","tag-tv"],"_links":{"self":[{"href":"http:\/\/www.lanuevaopcion.cl\/index.php?rest_route=\/wp\/v2\/posts\/27109","targetHints":{"allow":["GET"]}}],"collection":[{"href":"http:\/\/www.lanuevaopcion.cl\/index.php?rest_route=\/wp\/v2\/posts"}],"about":[{"href":"http:\/\/www.lanuevaopcion.cl\/index.php?rest_route=\/wp\/v2\/types\/post"}],"author":[{"embeddable":true,"href":"http:\/\/www.lanuevaopcion.cl\/index.php?rest_route=\/wp\/v2\/users\/51"}],"replies":[{"embeddable":true,"href":"http:\/\/www.lanuevaopcion.cl\/index.php?rest_route=%2Fwp%2Fv2%2Fcomments&post=27109"}],"version-history":[{"count":2,"href":"http:\/\/www.lanuevaopcion.cl\/index.php?rest_route=\/wp\/v2\/posts\/27109\/revisions"}],"predecessor-version":[{"id":27111,"href":"http:\/\/www.lanuevaopcion.cl\/index.php?rest_route=\/wp\/v2\/posts\/27109\/revisions\/27111"}],"wp:attachment":[{"href":"http:\/\/www.lanuevaopcion.cl\/index.php?rest_route=%2Fwp%2Fv2%2Fmedia&parent=27109"}],"wp:term":[{"taxonomy":"category","embeddable":true,"href":"http:\/\/www.lanuevaopcion.cl\/index.php?rest_route=%2Fwp%2Fv2%2Fcategories&post=27109"},{"taxonomy":"post_tag","embeddable":true,"href":"http:\/\/www.lanuevaopcion.cl\/index.php?rest_route=%2Fwp%2Fv2%2Ftags&post=27109"}],"curies":[{"name":"wp","href":"https:\/\/api.w.org\/{rel}","templated":true}]}}