{"id":26951,"date":"2021-08-26T13:09:10","date_gmt":"2021-08-26T13:09:10","guid":{"rendered":"http:\/\/www.lanuevaopcion.cl\/?p=26951"},"modified":"2021-08-26T13:12:15","modified_gmt":"2021-08-26T13:12:15","slug":"abogado-de-madre-de-tomas-afirma-que-podria-tratarse-de-un-%c2%abhomicidio-por-omision%c2%bb","status":"publish","type":"post","link":"http:\/\/www.lanuevaopcion.cl\/?p=26951","title":{"rendered":"Abogado de madre de Tom\u00e1s afirma que podr\u00eda tratarse de un \u00abhomicidio por omisi\u00f3n\u00bb"},"content":{"rendered":"<p><img loading=\"lazy\" decoding=\"async\"  alt=\"\" src=\"https:\/\/www.lacuarta.com\/wp-content\/uploads\/2021\/08\/Nuevo-proyecto-55-390x293.jpg\" class=\"alignleft\" width=\"390\" height=\"293\" \/ class=\"alignleft\" style=\"margin-right:15px;margin-bottom:10px;float:left;\" ><br \/>\nLuego de confirmarse que la Fiscal\u00eda solo investigar\u00e1 la arista que apunta a la intervenci\u00f3n de terceros en el caso Tom\u00e1s, ni\u00f1o de 3 a\u00f1os que fue hallado sin vida en la localidad de Caripilun, el abogado de la madre del peque\u00f1o entreg\u00f3 nuevos antecedentes.<\/p>\n<p>Respecto al enfoque que seguir\u00e1n las indagatorias, Pedro D\u00edaz aclar\u00f3 que \u00abesa l\u00ednea est\u00e1 investig\u00e1ndose hace bastante tiempo, pero ya cient\u00edficamente acreditado que aqu\u00ed hay intervenci\u00f3n de terceros\u00bb.<\/p>\n<p>Adem\u00e1s, explic\u00f3 que \u00abhay una pericia de tres peritos del Servicio M\u00e9dico Legal (SML) que dice que se descarta que esto haya sido accidental, por tanto, no hay vuelco, sino que hay una investigaci\u00f3n que la fiscal ya llevaba, ya ten\u00eda esa visi\u00f3n\u00bb.<br \/>\n<!--more--><br \/>\nEn di\u00e1logo con Mucho Gusto, el profesional revel\u00f3 que el informe internacional que fue informado ayer a la madre de Tomasito \u00abtiene antecedentes que dice relaci\u00f3n con que en las ropas del menor se encontraron ciertos indicios, pruebas, que podr\u00edan ameritar una l\u00ednea investigativa en un sentido distinto a lo que se estaba investigando\u00bb.<\/p>\n<p>Eso s\u00ed, aclar\u00f3 que \u00abel cuerpo del ni\u00f1o no tiene ning\u00fan registro de nada, para que eso quede claro y que no se especule respecto a esa informaci\u00f3n\u00bb.<\/p>\n<p>\u00abEspero que Amparo y Justicia no siga filtrando la informaci\u00f3n apenas llegue y que espere a que los intervinientes tengan la informaci\u00f3n para poder despu\u00e9s decir que existe esta pericia porque aqu\u00ed se caus\u00f3 un tremendo da\u00f1o y hay que ser responsables\u00bb, afirm\u00f3.<\/p>\n<p>En la misma l\u00ednea, recalc\u00f3 que \u00abel SML hizo un protocolo de autopsia, se revis\u00f3 el cuerpo y no tiene indicios de nada. Lo que s\u00ed se encontr\u00f3 en las ropas son ciertos vestigios que se est\u00e1n investigando que no guarda relaci\u00f3n con un abuso efectivo al ni\u00f1o. Hay que ser cuidadosos y no empezar a especular respecto de lo que pudo haber sucedido\u00bb.<\/p>\n<p>\u00abCuando se informa esto del abuso sexual uno se imagina lo peor y lo m\u00e1s grave, pero aqu\u00ed lo que se est\u00e1 informando, y debi\u00f3 haber sido precisa la fundaci\u00f3n al decir lo que se encontr\u00f3, es en las vestimentas del ni\u00f1o\u00bb, reiter\u00f3.<\/p>\n<p>\u00abNinguna l\u00ednea cerrada\u00bb<br \/>\nSobre el futuro del caso, D\u00edaz sostuvo que \u00abtenemos las pruebas cient\u00edficas, entonces ahora hay que empezar a trabajar para establecer qui\u00e9n o qui\u00e9nes son las personas que han participado en este hecho y por eso se est\u00e1 levantando mucha evidencia, se est\u00e1 realizando examen de ADN a lo que se puede realizar y vamos a llegar a la verdad\u00bb.<\/p>\n<p>\u00abLos delitos se cometen tanto por acci\u00f3n, o sea, realizar un acto, o por omisi\u00f3n y en este caso podr\u00edamos estar en presencia de un homicidio por omisi\u00f3n. Bajo esa perspectiva, esa l\u00ednea tambi\u00e9n hay que investigarla. No hay ninguna l\u00ednea cerrada\u00bb, complement\u00f3.<\/p>\n<p>Finalemente, reiter\u00f3 que \u00abhay que ser cuidadosos con la informaci\u00f3n cuando se entrega sesgada, que es lo que pasa hoy que se habla de un abuso sexual, de un informe que no conozco, esa es informaci\u00f3n sesgada, no est\u00e1 toda la informaci\u00f3n entregada\u00bb.<br \/>\nhttps:\/\/www.lacuarta.com\/cronica\/noticia\/madre-tomas-homicidio-omision\/666446\/<br \/>\nFUENTE. LA CUARTA.COM<br \/>\nFOTO. LA CUARTA.COM<br \/>\nMEDIO DE DIFUSI\u00d3N , SIN FIN DE LUCRO ALGUNO <\/p>\n","protected":false},"excerpt":{"rendered":"<p>Luego de confirmarse que la Fiscal\u00eda solo investigar\u00e1 la arista que apunta a la intervenci\u00f3n de terceros en el caso Tom\u00e1s, ni\u00f1o de 3 a\u00f1os que fue hallado sin vida en la localidad de Caripilun, el abogado de la madre del peque\u00f1o entreg\u00f3 nuevos antecedentes. Respecto al enfoque que seguir\u00e1n las indagatorias, Pedro D\u00edaz aclar\u00f3 [&hellip;]<\/p>\n","protected":false},"author":51,"featured_media":0,"comment_status":"open","ping_status":"open","sticky":false,"template":"","format":"standard","meta":{"footnotes":""},"categories":[9,5,16,30,31,11],"tags":[708],"class_list":["post-26951","post","type-post","status-publish","format-standard","hentry","category-educacion","category-internacional","category-nacional","category-policial","category-salud","category-tendencias","tag-cronicas"],"_links":{"self":[{"href":"http:\/\/www.lanuevaopcion.cl\/index.php?rest_route=\/wp\/v2\/posts\/26951","targetHints":{"allow":["GET"]}}],"collection":[{"href":"http:\/\/www.lanuevaopcion.cl\/index.php?rest_route=\/wp\/v2\/posts"}],"about":[{"href":"http:\/\/www.lanuevaopcion.cl\/index.php?rest_route=\/wp\/v2\/types\/post"}],"author":[{"embeddable":true,"href":"http:\/\/www.lanuevaopcion.cl\/index.php?rest_route=\/wp\/v2\/users\/51"}],"replies":[{"embeddable":true,"href":"http:\/\/www.lanuevaopcion.cl\/index.php?rest_route=%2Fwp%2Fv2%2Fcomments&post=26951"}],"version-history":[{"count":3,"href":"http:\/\/www.lanuevaopcion.cl\/index.php?rest_route=\/wp\/v2\/posts\/26951\/revisions"}],"predecessor-version":[{"id":26954,"href":"http:\/\/www.lanuevaopcion.cl\/index.php?rest_route=\/wp\/v2\/posts\/26951\/revisions\/26954"}],"wp:attachment":[{"href":"http:\/\/www.lanuevaopcion.cl\/index.php?rest_route=%2Fwp%2Fv2%2Fmedia&parent=26951"}],"wp:term":[{"taxonomy":"category","embeddable":true,"href":"http:\/\/www.lanuevaopcion.cl\/index.php?rest_route=%2Fwp%2Fv2%2Fcategories&post=26951"},{"taxonomy":"post_tag","embeddable":true,"href":"http:\/\/www.lanuevaopcion.cl\/index.php?rest_route=%2Fwp%2Fv2%2Ftags&post=26951"}],"curies":[{"name":"wp","href":"https:\/\/api.w.org\/{rel}","templated":true}]}}