{"id":26946,"date":"2021-08-24T12:03:16","date_gmt":"2021-08-24T12:03:16","guid":{"rendered":"http:\/\/www.lanuevaopcion.cl\/?p=26946"},"modified":"2021-08-24T12:03:16","modified_gmt":"2021-08-24T12:03:16","slug":"%c2%abllevo-2-anos-en-terapia%c2%bb-jorge-zabaleta-reflexiono-sobre-por-que-se-alejo-de-las-teleseries","status":"publish","type":"post","link":"http:\/\/www.lanuevaopcion.cl\/?p=26946","title":{"rendered":"\u00abLlevo 2 a\u00f1os en terapia\u00bb: Jorge Zabaleta reflexion\u00f3 sobre por qu\u00e9 se alej\u00f3 de las teleseries"},"content":{"rendered":"<p><img loading=\"lazy\" decoding=\"async\"  alt=\"\" src=\"https:\/\/www.lacuarta.com\/wp-content\/uploads\/2021\/08\/jorge-zabaleta-390x293.jpg\" class=\"alignleft\" width=\"390\" height=\"293\" \/ class=\"alignleft\" style=\"margin-right:15px;margin-bottom:10px;float:left;\" ><br \/>\nLuego de interpretar al fiscal An\u00edbal Ramos en la nocturna Juegos de poder (Mega), Jorge Zabaleta decidi\u00f3 alejarse un tiempo de las teleseries, tras sentirse completamente colapsado por el ritmo de las grabaciones.<\/p>\n<p>Y es que, desde 1997, el int\u00e9rprete hab\u00eda tenido pr\u00e1cticamente una aparici\u00f3n ininterrumpida en la pantalla chica.<\/p>\n<p>\u00abAl final no recordaba ni los textos\u00bb de Juegos de poder. \u00abTe juro que no sab\u00eda ni qu\u00e9 ten\u00eda que decir y, aunque me lo aprendiera veinte veces, no me entraba la letra\u00bb, confes\u00f3 en entrevista con Revista Velvet.<br \/>\n<!--more--><\/p>\n<p>\u00abYa no era un aporte para el g\u00e9nero\u00bb, declar\u00f3 sobre aquellos d\u00edas de agotamiento.<\/p>\n<p>Sin embargo, tambi\u00e9n dijo que \u00abtodo dura un tiempo\u00bb no m\u00e1s.<\/p>\n<p>Por lo tanto, \u00abnada es para siempre y necesitaba desarrollar otras cosas donde pod\u00eda ser un mejor aporte\u00bb. Para el protagonista de producciones como Machos, Brujas y Papi Ricky, \u00abdespu\u00e9s de 24 a\u00f1os hay que probar otras cosas\u00bb.<\/p>\n<p>\u00abSe me cae el pelo a mechones\u00bb<br \/>\n\u00abEstar tanto tiempo haciendo lo mismo me provoca mucha ansiedad\u00bb, dijo sobre su \u00faltima aparici\u00f3n en TV. \u00abMe vuelvo loco\u00bb, asegur\u00f3. \u00abDiez meses de camar\u00edn, son diez meses de pensar en todo lo que podr\u00eda estar haciendo y no hacerlo\u00bb.<\/p>\n<p>\u00abUno va cumpliendo a\u00f1os y, aunque a\u00fan tengo energ\u00eda, quer\u00eda usarla en otras cosas\u00bb, explic\u00f3.<\/p>\n<p>Actualmente, el actor tiene su propio hotel boutique en San Pedro de Atacama, inaugurado en 2018; tambi\u00e9n participa en los lives de Instagram de Pancho Saavedra, espacio que lo mantiene en la palestra medi\u00e1tica.<\/p>\n<p>Sobre aquellos d\u00edas en lo que dej\u00f3 de lado de las teleseries, coment\u00f3 que \u00abaprender a soltar me signific\u00f3 ataques de p\u00e1nico, angustia, tomar remedios como Rize, que jam\u00e1s lo hab\u00eda o\u00eddo\u00bb. Por ese entonces, lleg\u00f3 a sufrir ahogos, y actualmente \u00abllevo dos a\u00f1os en terapia\u00bb.<\/p>\n<p>\u00abHa sido heavy, resumi\u00f3. \u00abSe me cae el pelo a mechones\u00bb.<\/p>\n<p>Para Zabaleta, todo esto es \u00abun cambio de vida. Es como si fueras pescador toda tu vida y de repente fueras minero\u00bb.<\/p>\n<p>Pero, mirando hacia el pasado, \u00abfue un cambio consciente, porque yo podr\u00eda seguir estando ah\u00ed, pero ha sido duro. Un decisi\u00f3n que lleg\u00f3 porque estaba reventado\u00bb.<\/p>\n<p>El int\u00e9rprete, que apareci\u00f3 en la portada de la revista, comparti\u00f3 la entrevista en sus redes sociales.<br \/>\nhttps:\/\/www.lacuarta.com\/espectaculos\/noticia\/terapia-jorge-zabaleta-reflexiono-decision-retirarse-teleseries\/665736\/<br \/>\nFUENTE LA CUARTA.COM<br \/>\nMEDIO DE DIFUSI\u00d3N , SIN FIN DE LUCRO ALGUNO <\/p>\n","protected":false},"excerpt":{"rendered":"<p>Luego de interpretar al fiscal An\u00edbal Ramos en la nocturna Juegos de poder (Mega), Jorge Zabaleta decidi\u00f3 alejarse un tiempo de las teleseries, tras sentirse completamente colapsado por el ritmo de las grabaciones. Y es que, desde 1997, el int\u00e9rprete hab\u00eda tenido pr\u00e1cticamente una aparici\u00f3n ininterrumpida en la pantalla chica. \u00abAl final no recordaba ni [&hellip;]<\/p>\n","protected":false},"author":51,"featured_media":0,"comment_status":"open","ping_status":"open","sticky":false,"template":"","format":"standard","meta":{"footnotes":""},"categories":[8,9,16,11],"tags":[138,116],"class_list":["post-26946","post","type-post","status-publish","format-standard","hentry","category-cultura","category-educacion","category-nacional","category-tendencias","tag-espectaculo","tag-tv"],"_links":{"self":[{"href":"http:\/\/www.lanuevaopcion.cl\/index.php?rest_route=\/wp\/v2\/posts\/26946","targetHints":{"allow":["GET"]}}],"collection":[{"href":"http:\/\/www.lanuevaopcion.cl\/index.php?rest_route=\/wp\/v2\/posts"}],"about":[{"href":"http:\/\/www.lanuevaopcion.cl\/index.php?rest_route=\/wp\/v2\/types\/post"}],"author":[{"embeddable":true,"href":"http:\/\/www.lanuevaopcion.cl\/index.php?rest_route=\/wp\/v2\/users\/51"}],"replies":[{"embeddable":true,"href":"http:\/\/www.lanuevaopcion.cl\/index.php?rest_route=%2Fwp%2Fv2%2Fcomments&post=26946"}],"version-history":[{"count":1,"href":"http:\/\/www.lanuevaopcion.cl\/index.php?rest_route=\/wp\/v2\/posts\/26946\/revisions"}],"predecessor-version":[{"id":26947,"href":"http:\/\/www.lanuevaopcion.cl\/index.php?rest_route=\/wp\/v2\/posts\/26946\/revisions\/26947"}],"wp:attachment":[{"href":"http:\/\/www.lanuevaopcion.cl\/index.php?rest_route=%2Fwp%2Fv2%2Fmedia&parent=26946"}],"wp:term":[{"taxonomy":"category","embeddable":true,"href":"http:\/\/www.lanuevaopcion.cl\/index.php?rest_route=%2Fwp%2Fv2%2Fcategories&post=26946"},{"taxonomy":"post_tag","embeddable":true,"href":"http:\/\/www.lanuevaopcion.cl\/index.php?rest_route=%2Fwp%2Fv2%2Ftags&post=26946"}],"curies":[{"name":"wp","href":"https:\/\/api.w.org\/{rel}","templated":true}]}}