{"id":26935,"date":"2021-08-19T11:01:05","date_gmt":"2021-08-19T11:01:05","guid":{"rendered":"http:\/\/www.lanuevaopcion.cl\/?p=26935"},"modified":"2021-08-19T11:04:56","modified_gmt":"2021-08-19T11:04:56","slug":"cortes-de-luz-y-anegamientos-deja-intenso-sistema-frontal-en-la-region-metropolitana","status":"publish","type":"post","link":"http:\/\/www.lanuevaopcion.cl\/?p=26935","title":{"rendered":"Cortes de luz y anegamientos deja intenso sistema frontal en la Regi\u00f3n Metropolitana"},"content":{"rendered":"<p><img loading=\"lazy\" decoding=\"async\"  alt=\"\" src=\"https:\/\/www.lacuarta.com\/wp-content\/uploads\/2021\/08\/A_UNO_13054331-390x293.jpg\" class=\"alignleft\" width=\"390\" height=\"293\" \/ class=\"alignleft\" style=\"margin-right:15px;margin-bottom:10px;float:left;\" ><br \/>\nLlegaron las lluvias a la zona central. Luego de los pron\u00f3sticos que hab\u00edan surgido durante los \u00faltimos d\u00edas, el sistema frontal se dej\u00f3 sentir con fuerza durante la noche de este mi\u00e9rcoles en la Regi\u00f3n Metropolitana.<\/p>\n<p>De hecho, pasada las 22:00 horas se comenzaron a reportar a trav\u00e9s de redes sociales los primeros cortes de luz e inundaciones en las calles de la capital.<br \/>\n<!--more--><br \/>\nEsto \u00faltimo, precisamente, qued\u00f3 en evidencia con un tuit que comparti\u00f3 TransporteInforma Regi\u00f3n Metropolitana, cuenta que subi\u00f3 videos de lo que ocurre en Gran Avenida al sur desde, desde Avenida Goycolea, y en la intersecci\u00f3n con Departamental. Incluso, hicieron un llamado a no transitar hacia sectores con pasos bajo nivel.<\/p>\n<p>Los efectos del sistema frontal<br \/>\nPor otro lado, Enel inform\u00f3 sobre diversos cortes de luz en sectores de \u00d1u\u00f1oa, Providencia, Maip\u00fa, Las Condes y fuera de Santiago, en comunas como Colina y Tal Til. Eso s\u00ed, el servicio en algunos de esos puntos ya fue restablecido.<\/p>\n<p>Por otro lado, el gobernado de la Regi\u00f3n Metropolitana, Claudio Orrego, report\u00f3 voladuras de techumbres y \u00e1rboles ca\u00eddos en el sector de San Jos\u00e9 de Maipo.<br \/>\nhttps:\/\/www.lacuarta.com\/cronica\/noticia\/cortes-luz-sistema-frontal\/664388\/<br \/>\nFUENTE. LA CUARTA.COM<br \/>\nMEDIO DE DIFUSI\u00d3N SIN FIN DE LUCRO ALGUNO <\/p>\n","protected":false},"excerpt":{"rendered":"<p>Llegaron las lluvias a la zona central. Luego de los pron\u00f3sticos que hab\u00edan surgido durante los \u00faltimos d\u00edas, el sistema frontal se dej\u00f3 sentir con fuerza durante la noche de este mi\u00e9rcoles en la Regi\u00f3n Metropolitana. De hecho, pasada las 22:00 horas se comenzaron a reportar a trav\u00e9s de redes sociales los primeros cortes de [&hellip;]<\/p>\n","protected":false},"author":51,"featured_media":0,"comment_status":"open","ping_status":"open","sticky":false,"template":"","format":"standard","meta":{"footnotes":""},"categories":[4,9,16,1,31,11],"tags":[708,769],"class_list":["post-26935","post","type-post","status-publish","format-standard","hentry","category-economia","category-educacion","category-nacional","category-uncategorized","category-salud","category-tendencias","tag-cronicas","tag-lluvia"],"_links":{"self":[{"href":"http:\/\/www.lanuevaopcion.cl\/index.php?rest_route=\/wp\/v2\/posts\/26935","targetHints":{"allow":["GET"]}}],"collection":[{"href":"http:\/\/www.lanuevaopcion.cl\/index.php?rest_route=\/wp\/v2\/posts"}],"about":[{"href":"http:\/\/www.lanuevaopcion.cl\/index.php?rest_route=\/wp\/v2\/types\/post"}],"author":[{"embeddable":true,"href":"http:\/\/www.lanuevaopcion.cl\/index.php?rest_route=\/wp\/v2\/users\/51"}],"replies":[{"embeddable":true,"href":"http:\/\/www.lanuevaopcion.cl\/index.php?rest_route=%2Fwp%2Fv2%2Fcomments&post=26935"}],"version-history":[{"count":3,"href":"http:\/\/www.lanuevaopcion.cl\/index.php?rest_route=\/wp\/v2\/posts\/26935\/revisions"}],"predecessor-version":[{"id":26938,"href":"http:\/\/www.lanuevaopcion.cl\/index.php?rest_route=\/wp\/v2\/posts\/26935\/revisions\/26938"}],"wp:attachment":[{"href":"http:\/\/www.lanuevaopcion.cl\/index.php?rest_route=%2Fwp%2Fv2%2Fmedia&parent=26935"}],"wp:term":[{"taxonomy":"category","embeddable":true,"href":"http:\/\/www.lanuevaopcion.cl\/index.php?rest_route=%2Fwp%2Fv2%2Fcategories&post=26935"},{"taxonomy":"post_tag","embeddable":true,"href":"http:\/\/www.lanuevaopcion.cl\/index.php?rest_route=%2Fwp%2Fv2%2Ftags&post=26935"}],"curies":[{"name":"wp","href":"https:\/\/api.w.org\/{rel}","templated":true}]}}