{"id":26930,"date":"2021-08-17T06:14:14","date_gmt":"2021-08-17T06:14:14","guid":{"rendered":"http:\/\/www.lanuevaopcion.cl\/?p=26930"},"modified":"2021-08-17T06:15:07","modified_gmt":"2021-08-17T06:15:07","slug":"%c2%abno-puedo-quedarme-con-esta-mier%e2%80%a6%c2%bb-neme-revela-que-fue-increpado-en-restaurante","status":"publish","type":"post","link":"http:\/\/www.lanuevaopcion.cl\/?p=26930","title":{"rendered":"\u00abNo puedo quedarme con esta mier\u2026\u00bb: Neme revela que fue increpado en restaurante"},"content":{"rendered":"<p><img loading=\"lazy\" decoding=\"async\"  alt=\"\" src=\"https:\/\/www.lacuarta.com\/wp-content\/uploads\/2021\/08\/Neme1-390x293.jpg\" class=\"alignleft\" width=\"390\" height=\"293\" \/ class=\"alignleft\" style=\"margin-right:15px;margin-bottom:10px;float:left;\" ><br \/>\nLuego de entrevistar al doctor Jaime Garc\u00eda, protagonista de un violento video en el aeropuerto, Jos\u00e9 Antonio Neme se tom\u00f3 un minuto en pantalla para revelar una ins\u00f3lita situaci\u00f3n que vivi\u00f3 el viernes pasado en una restaurante capitalino.<\/p>\n<p>\u00abMe pas\u00f3 una cosa. No lo iba a contar, pero lo voy a contar ya que estamos hablando este tema\u00bb, indic\u00f3 el panelista de Mucho Gusto.<\/p>\n<p>\u00abEl d\u00eda viernes, en la noche, fui a comer a un restor\u00e1n que se llama \u2018Alem\u00e1n experto\u2019 que est\u00e1 en Lo Barnechea. Sub\u00ed al segundo piso. Estaba en una conversaci\u00f3n privada, piolita y se acerca una mujer joven que espero que me est\u00e9 viendo\u00bb, agreg\u00f3.<br \/>\n<!--more--><br \/>\nContinuando con su relato, el periodista asegur\u00f3 que la desconocida \u00abme dice \u2018\u00bfte puedo decir algo? No puedo quedarme con esta mierda adentro\u2019. Yo le dije \u2018desembuche\u2019. Me dijo \u2018eres lo peor que le ha pasado a este pa\u00eds. Eres un cara de raja, le haces mal a Chile. Hay gente que se siente insultada por tus opiniones\u2019. La persona con la que yo estaba comiendo, que no tiene nada que ver con la televisi\u00f3n, se par\u00f3 y le dijo \u2018se\u00f1ora, \u00bfqu\u00e9 significa esto? Ret\u00edrese&#8217;\u00bb.<\/p>\n<p>La reacci\u00f3n de Neme<br \/>\n\u00abImag\u00ednense yo estuviera en al misma posici\u00f3n que el doctor; me paro y le pego a la mujer\u00bb, a\u00f1adi\u00f3 Neme.<\/p>\n<p>Pese a su molestia por el hecho, Jos\u00e9 Antonio Neme explic\u00f3 que solo le pidi\u00f3 a las personas que acompa\u00f1aban a esta mujer que la llevaron a su auto.<br \/>\nhttps:\/\/www.lacuarta.com\/cronica\/noticia\/jose-neme-mujer-restaurante\/663403\/<br \/>\nFUENTE. LA CUARTA.COM<br \/>\nMEDIO DE DIFUSI\u00d3N , SIN FIN DE LUCRO ALGUNO<\/p>\n","protected":false},"excerpt":{"rendered":"<p>Luego de entrevistar al doctor Jaime Garc\u00eda, protagonista de un violento video en el aeropuerto, Jos\u00e9 Antonio Neme se tom\u00f3 un minuto en pantalla para revelar una ins\u00f3lita situaci\u00f3n que vivi\u00f3 el viernes pasado en una restaurante capitalino. \u00abMe pas\u00f3 una cosa. No lo iba a contar, pero lo voy a contar ya que estamos [&hellip;]<\/p>\n","protected":false},"author":51,"featured_media":0,"comment_status":"open","ping_status":"open","sticky":false,"template":"","format":"standard","meta":{"footnotes":""},"categories":[8,9,5,16,31,11],"tags":[675,116],"class_list":["post-26930","post","type-post","status-publish","format-standard","hentry","category-cultura","category-educacion","category-internacional","category-nacional","category-salud","category-tendencias","tag-cronica","tag-tv"],"_links":{"self":[{"href":"http:\/\/www.lanuevaopcion.cl\/index.php?rest_route=\/wp\/v2\/posts\/26930","targetHints":{"allow":["GET"]}}],"collection":[{"href":"http:\/\/www.lanuevaopcion.cl\/index.php?rest_route=\/wp\/v2\/posts"}],"about":[{"href":"http:\/\/www.lanuevaopcion.cl\/index.php?rest_route=\/wp\/v2\/types\/post"}],"author":[{"embeddable":true,"href":"http:\/\/www.lanuevaopcion.cl\/index.php?rest_route=\/wp\/v2\/users\/51"}],"replies":[{"embeddable":true,"href":"http:\/\/www.lanuevaopcion.cl\/index.php?rest_route=%2Fwp%2Fv2%2Fcomments&post=26930"}],"version-history":[{"count":2,"href":"http:\/\/www.lanuevaopcion.cl\/index.php?rest_route=\/wp\/v2\/posts\/26930\/revisions"}],"predecessor-version":[{"id":26932,"href":"http:\/\/www.lanuevaopcion.cl\/index.php?rest_route=\/wp\/v2\/posts\/26930\/revisions\/26932"}],"wp:attachment":[{"href":"http:\/\/www.lanuevaopcion.cl\/index.php?rest_route=%2Fwp%2Fv2%2Fmedia&parent=26930"}],"wp:term":[{"taxonomy":"category","embeddable":true,"href":"http:\/\/www.lanuevaopcion.cl\/index.php?rest_route=%2Fwp%2Fv2%2Fcategories&post=26930"},{"taxonomy":"post_tag","embeddable":true,"href":"http:\/\/www.lanuevaopcion.cl\/index.php?rest_route=%2Fwp%2Fv2%2Ftags&post=26930"}],"curies":[{"name":"wp","href":"https:\/\/api.w.org\/{rel}","templated":true}]}}