{"id":26911,"date":"2021-08-06T14:45:41","date_gmt":"2021-08-06T14:45:41","guid":{"rendered":"http:\/\/www.lanuevaopcion.cl\/?p=26911"},"modified":"2021-08-06T14:53:04","modified_gmt":"2021-08-06T14:53:04","slug":"preso-del-estallido-social-denuncia-que-gendarmeria-lo-forzo-a-recibir-a-boric-en-santiago-1","status":"publish","type":"post","link":"http:\/\/www.lanuevaopcion.cl\/?p=26911","title":{"rendered":"Preso del estallido social denuncia que Gendarmer\u00eda lo forz\u00f3 a recibir a Boric en Santiago 1"},"content":{"rendered":"<p><img loading=\"lazy\" decoding=\"async\"  alt=\"\" src=\"https:\/\/www.lacuarta.com\/wp-content\/uploads\/2021\/06\/Gabriel-Boric-31_preview-390x293.jpg\" class=\"alignleft\" width=\"390\" height=\"293\" \/ class=\"alignleft\" style=\"margin-right:15px;margin-bottom:10px;float:left;\" ><br \/>\nA trav\u00e9s de un recurso de amparo, un preso del estallido social acus\u00f3 a Gendarmer\u00eda de forzarlo a recibir al diputado Gabriel Boric, el pasado 30 de julio. En aquella jornada, el tambi\u00e9n candidato presidencial fue agredido al interior del penal.<\/p>\n<p>De acuerdo al denunciante, posteriormente fue maltratado en medio de un allanamiento.<\/p>\n<p>Seg\u00fan revel\u00f3 La Tercera, se trata de Nicol\u00e1s Pi\u00f1a Palomera (34), quien permanece en prisi\u00f3n preventiva tras ser acusado de lanzar una bomba molotov a un furg\u00f3n policial.<br \/>\n<!--more--><br \/>\nAdem\u00e1s, fue querellado por el Ministerio del Interior y el Consejo de Defensa del Estado (CDE) por homicidio frustrado a carabinero por el mismo hecho.<\/p>\n<p>En el recurso ingresado en la Corte de Apelaciones de Santiago por el abogado de Pi\u00f1a, se detalla que mientras \u00e9ste se encontraba en el m\u00f3dulo 12, \u00abun candidato presidencial y actual diputado de la Rep\u00fablica junto a otra diputada de la Rep\u00fablica, proceden a realizar una visita a un imputado, distinto del amparado\u00bb.<\/p>\n<p>\u00abComo es de p\u00fablico conocimiento, la visita de los\/as parlamentarios fue infructuosa y problem\u00e1tica\u00bb, se a\u00f1ade.<\/p>\n<p>Cabe consignar que el parlamentario fue agredido por Miguel Sep\u00falveda Montecinos (40), quien tiene un amplio prontuario policial.<\/p>\n<p>De acuerdo al requerimiento de Pi\u00f1a, fue en medio de la visita que \u00abGendarmer\u00eda, sin mediar consulta ni solicitud, procede a literalmente forzar y sacar al amparado para que conversara con los visitantes (\u2026), lo apartan del lugar donde se encontraba y a vista y paciencia de todos sus pares imputados y privados de libertad lo llevan a conversar con los visitantes\u00bb.<\/p>\n<p>Seg\u00fan el recurso, por esta raz\u00f3n fue reprochado por sus compa\u00f1eros en la c\u00e1rcel.<\/p>\n<p>Posteriormente, el 1 de agosto \u00ablo esposaron, siendo al \u00fanico a quien se le coaccion\u00f3 de aquella forma y sin justificaci\u00f3n alguna (\u2026) tambi\u00e9n se le coloc\u00f3 un foco de luz con prop\u00f3sito de cegarlo en sus ojos, pregunt\u00e1ndole su nombre en reiteradas oportunidades, se\u00f1al\u00e1ndolo como \u2018\u00e9l es la clave\u2019, \u2018el objetivo\u2019, y silenci\u00e1ndolo apenas intentaba preguntar qu\u00e9 pasaba y el motivo del trato que le estaban dando\u00bb.<\/p>\n<p>En di\u00e1logo con el citado medio, Fernando Monsalve, abogado de Pi\u00f1a, afirm\u00f3 que \u00abla actuaci\u00f3n de Gendarmer\u00eda que se ha repetido es del todo vulneratorio de los derechos de aquellos que se encuentran imputados, incluso si fueran condenados, pero en este caso es imputado reci\u00e9n, privado de libertad por encontrarse en prisi\u00f3n preventiva. Nadie ni nada faculta a Gendarmer\u00eda a disponer de los privados de libertad sin su voluntad para recibir visitas, obligarlos a dialogar, a exponer su posici\u00f3n, si no es su defensa, sus familiares o su visita solicitada\u00bb.<\/p>\n<p>\u00abSer\u00eda un abuso\u00bb<br \/>\nAdem\u00e1s, el profesional afirm\u00f3 que \u00abparece fundamental que Gendarmer\u00eda d\u00e9 una respuesta inmediata y se\u00f1ale por qu\u00e9 est\u00e1 exponiendo la vida e integridad f\u00edsica de ciertas personas, en este caso de Nicol\u00e1s, que es un ingeniero, padre de dos hijos y que va a cumplir seis meses en prisi\u00f3n preventiva, siendo un caso emblem\u00e1tico de la revuelta social y que, en la pr\u00e1ctica, deja clara la subjetividad y la persecuci\u00f3n pol\u00edtica por parte del Ministerio P\u00fablico, del Ministerio del Interior, del Consejo de Defensa del Estado y la complicidad de los tribunales\u00bb.<\/p>\n<p>Consultado sobre esta situaci\u00f3n, el diputado Boric indic\u00f3 que \u00abnosotros fuimos a ver a otra persona, por solicitud de sus familiares. Efectivamente, ser\u00eda un abuso inaceptable si se oblig\u00f3 a otro recluso a recibir a quien va a visitar a otro interno\u00bb.<br \/>\nhttps:\/\/www.lacuarta.com\/cronica\/noticia\/preso-estallido-gendarmeria-boric\/660173\/?utm_medium=lacuarta&#038;utm_source=menuup<br \/>\nFUENTE. LA CUARTA.COM<br \/>\nFOTO. LA CUARTA<br \/>\nMEDIO DE DIFUSION, SIN FIN DE LUCRO ALGUNO <\/p>\n","protected":false},"excerpt":{"rendered":"<p>A trav\u00e9s de un recurso de amparo, un preso del estallido social acus\u00f3 a Gendarmer\u00eda de forzarlo a recibir al diputado Gabriel Boric, el pasado 30 de julio. En aquella jornada, el tambi\u00e9n candidato presidencial fue agredido al interior del penal. De acuerdo al denunciante, posteriormente fue maltratado en medio de un allanamiento. Seg\u00fan revel\u00f3 [&hellip;]<\/p>\n","protected":false},"author":51,"featured_media":0,"comment_status":"open","ping_status":"open","sticky":false,"template":"","format":"standard","meta":{"footnotes":""},"categories":[4,9,16,1,11],"tags":[767],"class_list":["post-26911","post","type-post","status-publish","format-standard","hentry","category-economia","category-educacion","category-nacional","category-uncategorized","category-tendencias","tag-denuncia"],"_links":{"self":[{"href":"http:\/\/www.lanuevaopcion.cl\/index.php?rest_route=\/wp\/v2\/posts\/26911","targetHints":{"allow":["GET"]}}],"collection":[{"href":"http:\/\/www.lanuevaopcion.cl\/index.php?rest_route=\/wp\/v2\/posts"}],"about":[{"href":"http:\/\/www.lanuevaopcion.cl\/index.php?rest_route=\/wp\/v2\/types\/post"}],"author":[{"embeddable":true,"href":"http:\/\/www.lanuevaopcion.cl\/index.php?rest_route=\/wp\/v2\/users\/51"}],"replies":[{"embeddable":true,"href":"http:\/\/www.lanuevaopcion.cl\/index.php?rest_route=%2Fwp%2Fv2%2Fcomments&post=26911"}],"version-history":[{"count":4,"href":"http:\/\/www.lanuevaopcion.cl\/index.php?rest_route=\/wp\/v2\/posts\/26911\/revisions"}],"predecessor-version":[{"id":26915,"href":"http:\/\/www.lanuevaopcion.cl\/index.php?rest_route=\/wp\/v2\/posts\/26911\/revisions\/26915"}],"wp:attachment":[{"href":"http:\/\/www.lanuevaopcion.cl\/index.php?rest_route=%2Fwp%2Fv2%2Fmedia&parent=26911"}],"wp:term":[{"taxonomy":"category","embeddable":true,"href":"http:\/\/www.lanuevaopcion.cl\/index.php?rest_route=%2Fwp%2Fv2%2Fcategories&post=26911"},{"taxonomy":"post_tag","embeddable":true,"href":"http:\/\/www.lanuevaopcion.cl\/index.php?rest_route=%2Fwp%2Fv2%2Ftags&post=26911"}],"curies":[{"name":"wp","href":"https:\/\/api.w.org\/{rel}","templated":true}]}}