{"id":26906,"date":"2021-08-05T13:17:34","date_gmt":"2021-08-05T13:17:34","guid":{"rendered":"http:\/\/www.lanuevaopcion.cl\/?p=26906"},"modified":"2021-08-05T13:20:42","modified_gmt":"2021-08-05T13:20:42","slug":"posible-vuelco-en-asesinato-de-funcionaria-de-la-pdi-indagan-obstruccion-a-la-investigacion","status":"publish","type":"post","link":"http:\/\/www.lanuevaopcion.cl\/?p=26906","title":{"rendered":"Posible vuelco en asesinato de funcionaria de la PDI: indagan obstrucci\u00f3n a la investigaci\u00f3n"},"content":{"rendered":"<p><img loading=\"lazy\" decoding=\"async\"  alt=\"\" src=\"https:\/\/www.lacuarta.com\/wp-content\/uploads\/2021\/06\/WhatsApp-Image-2021-06-14-at-11.04.15-AM-390x293.jpeg\" class=\"alignleft\" width=\"390\" height=\"293\" \/ class=\"alignleft\" style=\"margin-right:15px;margin-bottom:10px;float:left;\" ><br \/>\npartir de peritajes cient\u00edficos solicitados por la Fiscal\u00eda a ambas polic\u00edas, se determin\u00f3 que en el caso del homicidio de la subinspectora Valeria Vivanco Caru, se hace \u00abnecesario realizar una reconstituci\u00f3n de escena en el sitio del suceso\u00bb, informaron desde el Ministerio P\u00fablico.<\/p>\n<p>La diligencia se concretar\u00e1 durante los pr\u00f3ximos d\u00edas.<\/p>\n<p>De este modo, la Fiscal\u00eda confrontar\u00e1 en terreno el resultado de diligencias cient\u00edficas de ambas polic\u00edas, con las diversas versiones de las personas involucradas y los testigos. Asimismo, se solicitar\u00e1n pericias avanzadas al FBI de Estados Unidos, cuyos informes ser\u00e1n sumados a esta investigaci\u00f3n.<br \/>\n<!--more--><br \/>\nCabe recordar que dos personas se entregaron en esta causa y fueron formalizadas, a partir de declaraciones de testigos y del equipo policial, as\u00ed como de informes preliminares, en circunstancias que conduc\u00edan un veh\u00edculo, que horas antes habr\u00eda participado en otro homicidio registrado en la comuna de Puente Alto.<\/p>\n<p>Este \u00faltimo hecho, era el que precisamente estaba siendo indagado por el equipo de la Brigada de Homicidios, que integraba la subinspectora fallecida el d\u00eda de los hechos.<\/p>\n<p>Investigaci\u00f3n<br \/>\nIgualmente, la Fiscal\u00eda de Alta Complejidad y Crimen Organizado de la Fiscal\u00eda Sur, inici\u00f3 una indagaci\u00f3n por obstrucci\u00f3n a la investigaci\u00f3n paralela a esta causa, respecto a eventuales responsabilidades penales en el procedimiento inicial de la polic\u00eda civil, que est\u00e1 a cargo de Carabineros, quien asimismo lidera la investigaci\u00f3n del homicidio de la subinspectora de la Polic\u00eda de Investigaciones de Chile, con diligencias que ya est\u00e1n en curso.<\/p>\n<p>Por lo pronto, seg\u00fan revel\u00f3 Radio B\u00edo B\u00edo, tres funcionarios de la PDI fueron suspendidos por su eventual responsabilidad en el homicidio de la subinspectora.<\/p>\n<p>En tanto, el Ministerio P\u00fablico confirm\u00f3 que la Unidad de Atenci\u00f3n a V\u00edctimas y Testigos ya se reuni\u00f3 con los padres de la v\u00edctima para informarle acerca de estos nuevos antecedentes.<br \/>\nhttps:\/\/www.lacuarta.com\/cronica\/noticia\/posible-vuelvo-funcionaria-pdi\/659325\/<br \/>\nFUENTE. LA CUARTA.COM<br \/>\nFOTO. LA CUARTA<br \/>\nMEDIO DE DIFUSION , SIN FIN DE LUCRO ALGUNO <\/p>\n","protected":false},"excerpt":{"rendered":"<p>partir de peritajes cient\u00edficos solicitados por la Fiscal\u00eda a ambas polic\u00edas, se determin\u00f3 que en el caso del homicidio de la subinspectora Valeria Vivanco Caru, se hace \u00abnecesario realizar una reconstituci\u00f3n de escena en el sitio del suceso\u00bb, informaron desde el Ministerio P\u00fablico. La diligencia se concretar\u00e1 durante los pr\u00f3ximos d\u00edas. De este modo, la [&hellip;]<\/p>\n","protected":false},"author":51,"featured_media":0,"comment_status":"open","ping_status":"open","sticky":false,"template":"","format":"standard","meta":{"footnotes":""},"categories":[9,16,30,11],"tags":[675,277],"class_list":["post-26906","post","type-post","status-publish","format-standard","hentry","category-educacion","category-nacional","category-policial","category-tendencias","tag-cronica","tag-fiscalias"],"_links":{"self":[{"href":"http:\/\/www.lanuevaopcion.cl\/index.php?rest_route=\/wp\/v2\/posts\/26906","targetHints":{"allow":["GET"]}}],"collection":[{"href":"http:\/\/www.lanuevaopcion.cl\/index.php?rest_route=\/wp\/v2\/posts"}],"about":[{"href":"http:\/\/www.lanuevaopcion.cl\/index.php?rest_route=\/wp\/v2\/types\/post"}],"author":[{"embeddable":true,"href":"http:\/\/www.lanuevaopcion.cl\/index.php?rest_route=\/wp\/v2\/users\/51"}],"replies":[{"embeddable":true,"href":"http:\/\/www.lanuevaopcion.cl\/index.php?rest_route=%2Fwp%2Fv2%2Fcomments&post=26906"}],"version-history":[{"count":4,"href":"http:\/\/www.lanuevaopcion.cl\/index.php?rest_route=\/wp\/v2\/posts\/26906\/revisions"}],"predecessor-version":[{"id":26910,"href":"http:\/\/www.lanuevaopcion.cl\/index.php?rest_route=\/wp\/v2\/posts\/26906\/revisions\/26910"}],"wp:attachment":[{"href":"http:\/\/www.lanuevaopcion.cl\/index.php?rest_route=%2Fwp%2Fv2%2Fmedia&parent=26906"}],"wp:term":[{"taxonomy":"category","embeddable":true,"href":"http:\/\/www.lanuevaopcion.cl\/index.php?rest_route=%2Fwp%2Fv2%2Fcategories&post=26906"},{"taxonomy":"post_tag","embeddable":true,"href":"http:\/\/www.lanuevaopcion.cl\/index.php?rest_route=%2Fwp%2Fv2%2Ftags&post=26906"}],"curies":[{"name":"wp","href":"https:\/\/api.w.org\/{rel}","templated":true}]}}