{"id":26897,"date":"2021-08-03T14:14:11","date_gmt":"2021-08-03T14:14:11","guid":{"rendered":"http:\/\/www.lanuevaopcion.cl\/?p=26897"},"modified":"2021-08-03T14:14:11","modified_gmt":"2021-08-03T14:14:11","slug":"%e2%80%9cno-fuiste-capaz-de-invitarlo-a-hacer-una-cancion-contigo%e2%80%9d-vasco-moulian-barrio-con-dj-mendez-tras-criticas-por-cobertura-a-la-muerte-de-el-gitano","status":"publish","type":"post","link":"http:\/\/www.lanuevaopcion.cl\/?p=26897","title":{"rendered":"\u201cNo fuiste capaz de invitarlo a hacer una canci\u00f3n contigo\u201d: Vasco Mouli\u00e1n barri\u00f3 con DJ M\u00e9ndez tras cr\u00edticas por cobertura a la muerte de El Gitano"},"content":{"rendered":"<p><img loading=\"lazy\" decoding=\"async\"  alt=\"\" src=\"https:\/\/www.lacuarta.com\/wp-content\/uploads\/2021\/08\/djvasco-390x293.jpg\" class=\"alignleft\" width=\"390\" height=\"293\" \/ class=\"alignleft\" style=\"margin-right:15px;margin-bottom:10px;float:left;\" ><br \/>\nLa madrugada del pasado domingo 25 de julio, Claudio Vald\u00e9s, m\u00e1s conocido como El Gitano, perdi\u00f3 la vida junto a su novia en un tr\u00e1gico accidente de tr\u00e1nsito en la autopista que une Talcahuano y Concepci\u00f3n.<\/p>\n<p>Tras su deceso, las redes sociales se llenaron de comentarios y material audiovisual recordando la figura del m\u00fasico, que a sus 18 a\u00f1os se dio a conocer en Talento chileno, obteniendo el segundo lugar del espacio.<\/p>\n<p>Sin embargo, en medio de la tristeza, uno de los que se sum\u00f3 y critic\u00f3 lo que pasaba fue DJ M\u00e9ndez. El int\u00e9rprete de \u201cEstocolmo\u201d reproch\u00f3 con dureza a quienes ahora compart\u00edan publicaciones de El Gitano pero, seg\u00fan \u00e9l, nunca le tendieron una mano a la carrera musical del joven de 29 a\u00f1os.<br \/>\n<!--more--><br \/>\n\u201cMe da m\u00e1s pena todav\u00eda toda la gente que ahora empieza a subir fotos, los medios de comunicaci\u00f3n lo nombran, si nunca lo invitaron a su matinal, no lo llamaron\u201d, opin\u00f3 M\u00e9ndez.<\/p>\n<p>Y continu\u00f3: \u201cTe apuesto que varios que est\u00e1n subiendo fotos, videos con \u00e9l, ni siquiera lo siguen en Instagram, ni lo han llamado para saber c\u00f3mo ha estado este \u00faltimo tiempo. Yo creo que eso les pertenece a las personas cercanas\u201d.<\/p>\n<p>Y precisamente desde el mundo de la televisi\u00f3n, sus palabras encontraron respuesta. Fue el opin\u00f3logo Vasco Mouli\u00e1n, panelista de Zona de Estrellas, quien recogi\u00f3 el guante y emplaz\u00f3 con todo al m\u00fasico.<\/p>\n<p>La respuesta de Mouli\u00e1n<br \/>\n\u201cLo mismo le pregunto al DJ M\u00e9ndez, \u00bfhiciste alguna canci\u00f3n con El Gitano?, te lo pregunto con todo el respeto del mundo. Si la hiciste llama y avisa porque yo creo que no\u201d.<\/p>\n<p>Con esas palabras, el tambi\u00e9n actor encar\u00f3 a M\u00e9ndez tras sus cr\u00edticas. Pero no se detuvo ah\u00ed:<\/p>\n<p>\u201cTe hago la misma cr\u00edtica. \u00bfPor qu\u00e9 mandaste un Instagram a los matinales si no fuiste nunca capaz de invitarlo a hacer una canci\u00f3n contigo?, te la dejo ah\u00ed\u201d, agreg\u00f3 m\u00e1s tarde.<\/p>\n<p>Y despu\u00e9s insisti\u00f3, molesto: \u201c\u00bfPor qu\u00e9 no lo ayudaste con los seguidores?, debe tener millones de seguidores M\u00e9ndez. \u00bfPor qu\u00e9 diste condolencias por Instagram si nunca hiciste una canci\u00f3n con \u00e9l?\u201d.<\/p>\n<p>Entonces, cuando Mario Velasco intervino para intentar calmar las aguas, Mouli\u00e1n volvi\u00f3 a la carga y redobl\u00f3 la apuesta:<\/p>\n<p>\u201cNo puede venir de una persona que no fue capaz de invitarlo a hacer un d\u00fao. Hay que ser muy caradura para decir que los matinales abusan de las im\u00e1genes, de las fotos, si siendo cantante \u00bfDJ M\u00e9ndez hiciste alguna vez una canci\u00f3n con el Gitano?, \u00bflo llamaste alguna vez?, \u00bflo invitaste a tu casa?, \u00bflo metiste en un cap\u00edtulo del reality?\u201d, exclam\u00f3.<\/p>\n<p>Tras eso, en el panel repasaron los detalles del accidente y contaron que la pareja de Claudio Vald\u00e9s, quien tambi\u00e9n falleci\u00f3, estaba embarazada al momento del accidente.<\/p>\n<p>\u201cChuta, me golpeaste\u201d, reaccion\u00f3 Mouli\u00e1n, afectado.<br \/>\nhttps:\/\/www.lacuarta.com\/espectaculos\/noticia\/vasco-moulian-dj-mendez-criticas-muerte-gitano\/658855\/<br \/>\nFUENTE. LA CUARTA.COM<br \/>\nMEDIO DE DIFUSI\u00d3N SIN FIN DE LUCRO ALGUNO <\/p>\n","protected":false},"excerpt":{"rendered":"<p>La madrugada del pasado domingo 25 de julio, Claudio Vald\u00e9s, m\u00e1s conocido como El Gitano, perdi\u00f3 la vida junto a su novia en un tr\u00e1gico accidente de tr\u00e1nsito en la autopista que une Talcahuano y Concepci\u00f3n. Tras su deceso, las redes sociales se llenaron de comentarios y material audiovisual recordando la figura del m\u00fasico, que [&hellip;]<\/p>\n","protected":false},"author":51,"featured_media":0,"comment_status":"open","ping_status":"open","sticky":false,"template":"","format":"standard","meta":{"footnotes":""},"categories":[8,9,16,31,11],"tags":[138,116],"class_list":["post-26897","post","type-post","status-publish","format-standard","hentry","category-cultura","category-educacion","category-nacional","category-salud","category-tendencias","tag-espectaculo","tag-tv"],"_links":{"self":[{"href":"http:\/\/www.lanuevaopcion.cl\/index.php?rest_route=\/wp\/v2\/posts\/26897","targetHints":{"allow":["GET"]}}],"collection":[{"href":"http:\/\/www.lanuevaopcion.cl\/index.php?rest_route=\/wp\/v2\/posts"}],"about":[{"href":"http:\/\/www.lanuevaopcion.cl\/index.php?rest_route=\/wp\/v2\/types\/post"}],"author":[{"embeddable":true,"href":"http:\/\/www.lanuevaopcion.cl\/index.php?rest_route=\/wp\/v2\/users\/51"}],"replies":[{"embeddable":true,"href":"http:\/\/www.lanuevaopcion.cl\/index.php?rest_route=%2Fwp%2Fv2%2Fcomments&post=26897"}],"version-history":[{"count":1,"href":"http:\/\/www.lanuevaopcion.cl\/index.php?rest_route=\/wp\/v2\/posts\/26897\/revisions"}],"predecessor-version":[{"id":26898,"href":"http:\/\/www.lanuevaopcion.cl\/index.php?rest_route=\/wp\/v2\/posts\/26897\/revisions\/26898"}],"wp:attachment":[{"href":"http:\/\/www.lanuevaopcion.cl\/index.php?rest_route=%2Fwp%2Fv2%2Fmedia&parent=26897"}],"wp:term":[{"taxonomy":"category","embeddable":true,"href":"http:\/\/www.lanuevaopcion.cl\/index.php?rest_route=%2Fwp%2Fv2%2Fcategories&post=26897"},{"taxonomy":"post_tag","embeddable":true,"href":"http:\/\/www.lanuevaopcion.cl\/index.php?rest_route=%2Fwp%2Fv2%2Ftags&post=26897"}],"curies":[{"name":"wp","href":"https:\/\/api.w.org\/{rel}","templated":true}]}}