{"id":26875,"date":"2021-07-27T12:17:35","date_gmt":"2021-07-27T12:17:35","guid":{"rendered":"http:\/\/www.lanuevaopcion.cl\/?p=26875"},"modified":"2021-07-27T12:21:11","modified_gmt":"2021-07-27T12:21:11","slug":"%e2%80%9cbuen-viaje%e2%80%a6%e2%80%9d-eva-gomez-despidio-a-%e2%80%9cel-gitano%e2%80%9d-claudio-valdes-con-inedito-video","status":"publish","type":"post","link":"http:\/\/www.lanuevaopcion.cl\/?p=26875","title":{"rendered":"\u201cBuen viaje\u2026\u201d: Eva G\u00f3mez despidi\u00f3 a \u201cEl Gitano\u201d Claudio Vald\u00e9s con in\u00e9dito video"},"content":{"rendered":"<p><img loading=\"lazy\" decoding=\"async\"  alt=\"\" src=\"https:\/\/www.lacuarta.com\/wp-content\/uploads\/2021\/07\/Eva-Go%CC%81mez-El-Gitano1-390x293.jpg\" class=\"alignleft\" width=\"390\" height=\"293\" \/ class=\"alignleft\" style=\"margin-right:15px;margin-bottom:10px;float:left;\" ><br \/>\nImpacto gener\u00f3 este fin de semana la partida de Claudio \u201cEl Gitano\u201d Vald\u00e9s, cantante chileno que muri\u00f3 a sus 29 a\u00f1os en un tr\u00e1gico accidente de tr\u00e1nsito.<\/p>\n<p>Por lo mismo, no fueron pocas las personalidades del espect\u00e1culo quienes lo despidieron a trav\u00e9s de fotos y videos que compartieron en sus redes sociales.<\/p>\n<p>Por ejemplo, una que alz\u00f3 la voz y se mostr\u00f3 conmovida con la noticia fue Eva G\u00f3mez. De hecho, aprovech\u00f3 la instancia para subir un in\u00e9dito registro junto al fallecido artista.<br \/>\n<!--more--><br \/>\nLa despedida de Eva G\u00f3mez a Claudio Vald\u00e9s<br \/>\n\u201cBuen viaje, Claudio Querido\u201d, escribi\u00f3 junto a un video donde aparecen ambos interpretando la canci\u00f3n \u201cPara decir adi\u00f3s\u201d, del dueto de Jos\u00e9 Feliciano y Ana Gabriel.<\/p>\n<p>La publicaci\u00f3n, de inmediato, gener\u00f3 una ola de reacciones en el cibermundo.<\/p>\n<p>\u201cQu\u00e9 hermoso video\u201d, \u201cquedan los lindos recuerdos\u201d y \u201cqu\u00e9 pena\u201d fueron algunos de los mensajes que le dejaron los seguidores de la espa\u00f1ola.<br \/>\nhttps:\/\/www.lacuarta.com\/espectaculos\/noticia\/eva-gomez-despidio-gitano-valdes\/656169\/<br \/>\nFUENTE. LA CUARTA.COM<br \/>\nMEDIO DE DIFUSI\u00d3N, SIN FIN DE LUCRO ALGUNO <\/p>\n","protected":false},"excerpt":{"rendered":"<p>Impacto gener\u00f3 este fin de semana la partida de Claudio \u201cEl Gitano\u201d Vald\u00e9s, cantante chileno que muri\u00f3 a sus 29 a\u00f1os en un tr\u00e1gico accidente de tr\u00e1nsito. Por lo mismo, no fueron pocas las personalidades del espect\u00e1culo quienes lo despidieron a trav\u00e9s de fotos y videos que compartieron en sus redes sociales. Por ejemplo, una [&hellip;]<\/p>\n","protected":false},"author":51,"featured_media":0,"comment_status":"open","ping_status":"open","sticky":false,"template":"","format":"standard","meta":{"footnotes":""},"categories":[8,9,5,16,1,31,11],"tags":[33,765,764,138,566],"class_list":["post-26875","post","type-post","status-publish","format-standard","hentry","category-cultura","category-educacion","category-internacional","category-nacional","category-uncategorized","category-salud","category-tendencias","tag-accidentes","tag-artista-de-chle","tag-el-gitano-valdes-y-eva-gomez","tag-espectaculo","tag-qepd"],"_links":{"self":[{"href":"http:\/\/www.lanuevaopcion.cl\/index.php?rest_route=\/wp\/v2\/posts\/26875","targetHints":{"allow":["GET"]}}],"collection":[{"href":"http:\/\/www.lanuevaopcion.cl\/index.php?rest_route=\/wp\/v2\/posts"}],"about":[{"href":"http:\/\/www.lanuevaopcion.cl\/index.php?rest_route=\/wp\/v2\/types\/post"}],"author":[{"embeddable":true,"href":"http:\/\/www.lanuevaopcion.cl\/index.php?rest_route=\/wp\/v2\/users\/51"}],"replies":[{"embeddable":true,"href":"http:\/\/www.lanuevaopcion.cl\/index.php?rest_route=%2Fwp%2Fv2%2Fcomments&post=26875"}],"version-history":[{"count":3,"href":"http:\/\/www.lanuevaopcion.cl\/index.php?rest_route=\/wp\/v2\/posts\/26875\/revisions"}],"predecessor-version":[{"id":26878,"href":"http:\/\/www.lanuevaopcion.cl\/index.php?rest_route=\/wp\/v2\/posts\/26875\/revisions\/26878"}],"wp:attachment":[{"href":"http:\/\/www.lanuevaopcion.cl\/index.php?rest_route=%2Fwp%2Fv2%2Fmedia&parent=26875"}],"wp:term":[{"taxonomy":"category","embeddable":true,"href":"http:\/\/www.lanuevaopcion.cl\/index.php?rest_route=%2Fwp%2Fv2%2Fcategories&post=26875"},{"taxonomy":"post_tag","embeddable":true,"href":"http:\/\/www.lanuevaopcion.cl\/index.php?rest_route=%2Fwp%2Fv2%2Ftags&post=26875"}],"curies":[{"name":"wp","href":"https:\/\/api.w.org\/{rel}","templated":true}]}}