{"id":26561,"date":"2021-03-25T07:04:33","date_gmt":"2021-03-25T07:04:33","guid":{"rendered":"http:\/\/www.lanuevaopcion.cl\/?p=26561"},"modified":"2021-03-25T07:04:33","modified_gmt":"2021-03-25T07:04:33","slug":"%c2%abpor-que-se-le-da-la-palabra-a-otras-personas%e2%80%a6%c2%bb-el-reclamo-de-paris-durante-intervencion-de-izkia-siches","status":"publish","type":"post","link":"http:\/\/www.lanuevaopcion.cl\/?p=26561","title":{"rendered":"\u00abPor qu\u00e9 se le da la palabra a otras personas\u2026\u00bb: El reclamo de Paris durante intervenci\u00f3n de Izkia Siches"},"content":{"rendered":"<p><img loading=\"lazy\" decoding=\"async\"  alt=\"\" src=\"https:\/\/www.lacuarta.com\/wp-content\/uploads\/2021\/03\/A_UNO_1203234-1-390x293.jpg\" class=\"alignleft\" width=\"390\" height=\"293\" \/ class=\"alignleft\" style=\"margin-right:15px;margin-bottom:10px;float:left;\" ><br \/>\nCon molestia reaccion\u00f3 el ministro de Salud, Enrique Paris, durante la intervenci\u00f3n de la presidenta del Colegio M\u00e9dico, Izkia Siches, en el Senado.<\/p>\n<p>Ambos participaron este mi\u00e9rcoles de una sesi\u00f3n especial para abordar el manejo de la pandemia por parte del gobierno.<\/p>\n<p>Luego de una presentaci\u00f3n que se prolong\u00f3 por cerca de 10 minutos, la doctora le cedi\u00f3 la palabra al doctor Gabriel Rada, experto convocado por el gremio.<br \/>\n<!--more--><br \/>\nFue esta situaci\u00f3n la que molest\u00f3 al secretario de Estado, quien interrumpi\u00f3 para exponer su enojo. \u00abSi a m\u00ed se me hubiese advertido que yo pod\u00eda traer asesores o conectar gente del Ministerio de Salud, lo hubiese hecho\u00bb, dijo.<\/p>\n<p>\u00abNo es justo\u00bb<br \/>\n\u00abA m\u00ed se me invit\u00f3 personalmente y no s\u00e9 por qu\u00e9 se le da la palabra a otras personas que tienen todo el derecho a intervenir, pero deber\u00eda haber justicia y que nosotros como Minsal podr\u00edamos haber tra\u00eddo otros expertos, entre comillas\u00bb, agreg\u00f3 la autoridad de Gobierno.<\/p>\n<p>Adem\u00e1s, expuso que \u00abencuentro que aqu\u00ed no es justo el trato que se nos est\u00e1 dando. Yo tendr\u00e9 que contestar todas las dudas que se han planteado, as\u00ed que espero tener tiempo para contestarle a todas las personas\u00bb.<\/p>\n<p>Luego de escuchar al experto, Paris respondi\u00f3 y cerr\u00f3 con iron\u00eda: \u00abAgradezco al Parlamento que me haya dado la oportunidad de participar en esta sesi\u00f3n. Solo. No acompa\u00f1ado por otros y otras\u00bb.<br \/>\nhttps:\/\/www.lacuarta.com\/cronica\/noticia\/reclamo-paris-izkia-siches\/615881\/<br \/>\nFUENTE. LA TERCERA.COM<br \/>\nMEDIO DE DIFUSI\u00d3N , SIN FIN DE LUCRO ALGUNO <\/p>\n","protected":false},"excerpt":{"rendered":"<p>Con molestia reaccion\u00f3 el ministro de Salud, Enrique Paris, durante la intervenci\u00f3n de la presidenta del Colegio M\u00e9dico, Izkia Siches, en el Senado. Ambos participaron este mi\u00e9rcoles de una sesi\u00f3n especial para abordar el manejo de la pandemia por parte del gobierno. Luego de una presentaci\u00f3n que se prolong\u00f3 por cerca de 10 minutos, la [&hellip;]<\/p>\n","protected":false},"author":51,"featured_media":0,"comment_status":"open","ping_status":"open","sticky":false,"template":"","format":"standard","meta":{"footnotes":""},"categories":[4,9,16,1,31,11],"tags":[163,708,714],"class_list":["post-26561","post","type-post","status-publish","format-standard","hentry","category-economia","category-educacion","category-nacional","category-uncategorized","category-salud","category-tendencias","tag-congreso","tag-cronicas","tag-ministro-paris"],"_links":{"self":[{"href":"http:\/\/www.lanuevaopcion.cl\/index.php?rest_route=\/wp\/v2\/posts\/26561","targetHints":{"allow":["GET"]}}],"collection":[{"href":"http:\/\/www.lanuevaopcion.cl\/index.php?rest_route=\/wp\/v2\/posts"}],"about":[{"href":"http:\/\/www.lanuevaopcion.cl\/index.php?rest_route=\/wp\/v2\/types\/post"}],"author":[{"embeddable":true,"href":"http:\/\/www.lanuevaopcion.cl\/index.php?rest_route=\/wp\/v2\/users\/51"}],"replies":[{"embeddable":true,"href":"http:\/\/www.lanuevaopcion.cl\/index.php?rest_route=%2Fwp%2Fv2%2Fcomments&post=26561"}],"version-history":[{"count":1,"href":"http:\/\/www.lanuevaopcion.cl\/index.php?rest_route=\/wp\/v2\/posts\/26561\/revisions"}],"predecessor-version":[{"id":26562,"href":"http:\/\/www.lanuevaopcion.cl\/index.php?rest_route=\/wp\/v2\/posts\/26561\/revisions\/26562"}],"wp:attachment":[{"href":"http:\/\/www.lanuevaopcion.cl\/index.php?rest_route=%2Fwp%2Fv2%2Fmedia&parent=26561"}],"wp:term":[{"taxonomy":"category","embeddable":true,"href":"http:\/\/www.lanuevaopcion.cl\/index.php?rest_route=%2Fwp%2Fv2%2Fcategories&post=26561"},{"taxonomy":"post_tag","embeddable":true,"href":"http:\/\/www.lanuevaopcion.cl\/index.php?rest_route=%2Fwp%2Fv2%2Ftags&post=26561"}],"curies":[{"name":"wp","href":"https:\/\/api.w.org\/{rel}","templated":true}]}}