{"id":26559,"date":"2021-03-24T03:14:21","date_gmt":"2021-03-24T03:14:21","guid":{"rendered":"http:\/\/www.lanuevaopcion.cl\/?p=26559"},"modified":"2021-03-24T03:14:21","modified_gmt":"2021-03-24T03:14:21","slug":"americo-se-refirio-por-primera-vez-a-la-reconciliacion-con-su-esposa","status":"publish","type":"post","link":"http:\/\/www.lanuevaopcion.cl\/?p=26559","title":{"rendered":"Am\u00e9rico se refiri\u00f3 por primera vez a la reconciliaci\u00f3n con su esposa"},"content":{"rendered":"<p><img loading=\"lazy\" decoding=\"async\"  alt=\"\" src=\"https:\/\/www.lacuarta.com\/wp-content\/uploads\/2019\/09\/AMERICO-02501_previe-3224227-390x293.jpg\" class=\"alignleft\" width=\"390\" height=\"293\" \/ class=\"alignleft\" style=\"margin-right:15px;margin-bottom:10px;float:left;\" ><br \/>\nDurante la jornada de este martes, Am\u00e9rico se refiri\u00f3 por primera vez a la reconciliaci\u00f3n con su esposa.<\/p>\n<p>Recordemos que el pasado septiembre del 2020, el cantante, revel\u00f3 que se encontraba pasando por un mal momento en su matrimonio junto a Mar\u00eda Teresa \u00d3rdenes.<\/p>\n<p>Todo parti\u00f3 cuando el cantante tropical particip\u00f3 de \u00abAlmorzando con el rubio\u00bb, programa online que esta vez estuvo a cargo de Cristi\u00e1n S\u00e1nchez.<br \/>\n<!--more--><br \/>\n\u00abPepa (su esposa) en este tiempo me ha ayudado much\u00edsimo, much\u00edsimo. Ha estado ah\u00ed, inclusive al estar distanciado. Siempre est\u00e1 muy pendiente y se lo re contra agradezco y dejo que lo haga, en todo sentido\u00bb, parti\u00f3 diciendo el cantante.<\/p>\n<p>Por su parte, Cristi\u00e1n S\u00e1nchez dijo que: \u00abYo encuentro que es muy bonito eso\u2026 en una relaci\u00f3n larga, hay periodos, pero cuando te re enganchas y uno se enamora, como que todo vuelve a brillar hay periodos m\u00e1s grises\u00bb.<\/p>\n<p>\u00abS\u00ed, es que hay de todo. Vamos circulando y transitando por distintas emociones y eso hay que vivirlo. Es tremendamente permitido el enojarse, sentir pena, sentir miedo, como constantemente lo soy yo, y por supuesto alegrarse. Todo en su justa medida. Y eso es compartir. El verdadero amor es el que te limita, el que te pone ah\u00ed los limites, el que te llama y te da terreno. Es imposible una relaci\u00f3n en la que est\u00e9 todo floreando y est\u00e9 todo bien\u00bb, respondi\u00f3 el int\u00e9rprete de \u00abTraicionera\u00bb.<\/p>\n<p>Finalmente, dijo \u00abEn alg\u00fan momento, tambi\u00e9n, necesitaba que me dijera \u2018hoy no eres tan bac\u00e1n\u2019, \u2018hoy te est\u00e1s portando como las reverendas&#8217;\u00bb.<br \/>\nhttps:\/\/www.lacuarta.com\/espectaculos\/noticia\/americo-se-refirio-por-primera-vez-a-la-reconciliacion-con-su-esposa\/615602\/<br \/>\nFUENTE. LA CUARTA.COM<br \/>\nMEDIO DE DIFUSI\u00d3N, SIN FIN DE LUCRO ALGUNO <\/p>\n","protected":false},"excerpt":{"rendered":"<p>Durante la jornada de este martes, Am\u00e9rico se refiri\u00f3 por primera vez a la reconciliaci\u00f3n con su esposa. Recordemos que el pasado septiembre del 2020, el cantante, revel\u00f3 que se encontraba pasando por un mal momento en su matrimonio junto a Mar\u00eda Teresa \u00d3rdenes. Todo parti\u00f3 cuando el cantante tropical particip\u00f3 de \u00abAlmorzando con el [&hellip;]<\/p>\n","protected":false},"author":51,"featured_media":0,"comment_status":"open","ping_status":"open","sticky":false,"template":"","format":"standard","meta":{"footnotes":""},"categories":[8,9,16,31,11],"tags":[138],"class_list":["post-26559","post","type-post","status-publish","format-standard","hentry","category-cultura","category-educacion","category-nacional","category-salud","category-tendencias","tag-espectaculo"],"_links":{"self":[{"href":"http:\/\/www.lanuevaopcion.cl\/index.php?rest_route=\/wp\/v2\/posts\/26559","targetHints":{"allow":["GET"]}}],"collection":[{"href":"http:\/\/www.lanuevaopcion.cl\/index.php?rest_route=\/wp\/v2\/posts"}],"about":[{"href":"http:\/\/www.lanuevaopcion.cl\/index.php?rest_route=\/wp\/v2\/types\/post"}],"author":[{"embeddable":true,"href":"http:\/\/www.lanuevaopcion.cl\/index.php?rest_route=\/wp\/v2\/users\/51"}],"replies":[{"embeddable":true,"href":"http:\/\/www.lanuevaopcion.cl\/index.php?rest_route=%2Fwp%2Fv2%2Fcomments&post=26559"}],"version-history":[{"count":1,"href":"http:\/\/www.lanuevaopcion.cl\/index.php?rest_route=\/wp\/v2\/posts\/26559\/revisions"}],"predecessor-version":[{"id":26560,"href":"http:\/\/www.lanuevaopcion.cl\/index.php?rest_route=\/wp\/v2\/posts\/26559\/revisions\/26560"}],"wp:attachment":[{"href":"http:\/\/www.lanuevaopcion.cl\/index.php?rest_route=%2Fwp%2Fv2%2Fmedia&parent=26559"}],"wp:term":[{"taxonomy":"category","embeddable":true,"href":"http:\/\/www.lanuevaopcion.cl\/index.php?rest_route=%2Fwp%2Fv2%2Fcategories&post=26559"},{"taxonomy":"post_tag","embeddable":true,"href":"http:\/\/www.lanuevaopcion.cl\/index.php?rest_route=%2Fwp%2Fv2%2Ftags&post=26559"}],"curies":[{"name":"wp","href":"https:\/\/api.w.org\/{rel}","templated":true}]}}