{"id":26555,"date":"2021-03-23T13:50:05","date_gmt":"2021-03-23T13:50:05","guid":{"rendered":"http:\/\/www.lanuevaopcion.cl\/?p=26555"},"modified":"2021-03-23T13:50:05","modified_gmt":"2021-03-23T13:50:05","slug":"%c2%abno-es-decision-propia-disculpenme%c2%bb-rodrigo-sepulveda-se-tomo-un-minuto-en-tv-y-lanzo-descargo","status":"publish","type":"post","link":"http:\/\/www.lanuevaopcion.cl\/?p=26555","title":{"rendered":"\u00abNo es decisi\u00f3n propia, disc\u00falpenme\u00bb: Rodrigo Sep\u00falveda se tom\u00f3 un minuto en TV y lanz\u00f3 descargo"},"content":{"rendered":"<p><img loading=\"lazy\" decoding=\"async\"  alt=\"\" src=\"https:\/\/www.lacuarta.com\/wp-content\/uploads\/2021\/03\/Sepulveda-700x525.jpg\" class=\"alignleft\" width=\"700\" height=\"525\" \/ class=\"alignleft\" style=\"margin-right:15px;margin-bottom:10px;float:left;\" ><br \/>\nEl periodista Rodrigo Sep\u00falveda se tom\u00f3 un momento en pantalla para compartir una extensa y potente reflexi\u00f3n acerca de los beneficios y ayudas que deber\u00edan recibir las familias que entran a cuarentena.<\/p>\n<p>El rostro de Mega asegur\u00f3 que \u00abes tan f\u00e1cil decir \u2018bien, v\u00e1monos a cuarentena\u2019. Ok, todos nos vemos a una cuarentena, pero\u2026 \u00bfQui\u00e9n me alimenta? \u00bfQui\u00e9n me paga mis gastos? \u00bfPor qu\u00e9 no somos capaces nosotros hoy como pa\u00eds de entregarle a todas las familias vulnerables un monto mensual? 500, 600 mil pesos, para que puedan pagar sus dividendos, sus arriendos, su luz, su agua, su alimentaci\u00f3n, pero sin letra chica\u00bb.<br \/>\n<!--more--><br \/>\n\u00abSi a m\u00ed me est\u00e1n impidiendo ir a cuarentena, no es que yo no quiera ir a trabajar. No es que ese vendedor ambulante de la calle no quiera ir a trabajar, le est\u00e1n diciendo \u2018no vaya, porque hay Covid, por su salud, para que se cuide\u2019. Perfecto, est\u00e1 muy bien, \u00bfpero qui\u00e9n lo alimenta a \u00e9l y a su familia? \u00bfQui\u00e9n ayuda a la gente de clase media? Mucha gente de clase que ha quedado sin trabajo\u00bb, a\u00f1adi\u00f3.<\/p>\n<p>Tercer retiro<br \/>\nAdem\u00e1s, el reconocido periodista deportivo pregunt\u00f3: \u00ab\u00bfQu\u00e9 pasa con el comercio hoy d\u00eda? El comercio lo cierran porque se acumula mucha gente, ok. \u00bfPero sabe lo que pasa con el comercio? Que tiene que seguir pagando patente comercial. \u00bfDe d\u00f3nde saco las lucas? De ahorros anteriores\u00bb.<\/p>\n<p>\u00abPor eso la gente quiere un tercer retiro. \u00bfO ustedes creen que la gente quiere un tercer retiro para irse a Canc\u00fan, para irse a Aruba, para irse de vacaciones? No, la gente quiere un tercer retiro o una ayuda directa porque tiene que comer, porque tiene que alimentar a sus hijos y porque tiene que pagar sus gastos necesarios y b\u00e1sicos, porque me est\u00e1n mandando a cuarentena, me est\u00e1n mandando a encerrarme. No es una decisi\u00f3n propia, disc\u00falpenme\u00bb, cerr\u00f3.<\/p>\n<p>https:\/\/www.lacuarta.com\/cronica\/noticia\/decision-disculpenme-rodrigo-sepulveda\/615299\/<br \/>\nFUENTE. LA CUARTA.COM<br \/>\nMEDIO DE DIFUSION , SIN FIN DE LUCRO ALGUNO <\/p>\n","protected":false},"excerpt":{"rendered":"<p>El periodista Rodrigo Sep\u00falveda se tom\u00f3 un momento en pantalla para compartir una extensa y potente reflexi\u00f3n acerca de los beneficios y ayudas que deber\u00edan recibir las familias que entran a cuarentena. El rostro de Mega asegur\u00f3 que \u00abes tan f\u00e1cil decir \u2018bien, v\u00e1monos a cuarentena\u2019. Ok, todos nos vemos a una cuarentena, pero\u2026 \u00bfQui\u00e9n [&hellip;]<\/p>\n","protected":false},"author":51,"featured_media":0,"comment_status":"open","ping_status":"open","sticky":false,"template":"","format":"standard","meta":{"footnotes":""},"categories":[8,4,9,16,1,31,11],"tags":[675,116],"class_list":["post-26555","post","type-post","status-publish","format-standard","hentry","category-cultura","category-economia","category-educacion","category-nacional","category-uncategorized","category-salud","category-tendencias","tag-cronica","tag-tv"],"_links":{"self":[{"href":"http:\/\/www.lanuevaopcion.cl\/index.php?rest_route=\/wp\/v2\/posts\/26555","targetHints":{"allow":["GET"]}}],"collection":[{"href":"http:\/\/www.lanuevaopcion.cl\/index.php?rest_route=\/wp\/v2\/posts"}],"about":[{"href":"http:\/\/www.lanuevaopcion.cl\/index.php?rest_route=\/wp\/v2\/types\/post"}],"author":[{"embeddable":true,"href":"http:\/\/www.lanuevaopcion.cl\/index.php?rest_route=\/wp\/v2\/users\/51"}],"replies":[{"embeddable":true,"href":"http:\/\/www.lanuevaopcion.cl\/index.php?rest_route=%2Fwp%2Fv2%2Fcomments&post=26555"}],"version-history":[{"count":1,"href":"http:\/\/www.lanuevaopcion.cl\/index.php?rest_route=\/wp\/v2\/posts\/26555\/revisions"}],"predecessor-version":[{"id":26556,"href":"http:\/\/www.lanuevaopcion.cl\/index.php?rest_route=\/wp\/v2\/posts\/26555\/revisions\/26556"}],"wp:attachment":[{"href":"http:\/\/www.lanuevaopcion.cl\/index.php?rest_route=%2Fwp%2Fv2%2Fmedia&parent=26555"}],"wp:term":[{"taxonomy":"category","embeddable":true,"href":"http:\/\/www.lanuevaopcion.cl\/index.php?rest_route=%2Fwp%2Fv2%2Fcategories&post=26555"},{"taxonomy":"post_tag","embeddable":true,"href":"http:\/\/www.lanuevaopcion.cl\/index.php?rest_route=%2Fwp%2Fv2%2Ftags&post=26555"}],"curies":[{"name":"wp","href":"https:\/\/api.w.org\/{rel}","templated":true}]}}