{"id":26553,"date":"2021-03-22T12:44:08","date_gmt":"2021-03-22T12:44:08","guid":{"rendered":"http:\/\/www.lanuevaopcion.cl\/?p=26553"},"modified":"2021-03-22T12:44:08","modified_gmt":"2021-03-22T12:44:08","slug":"%e2%80%9cyo-considero-que-acabo-de-contestar%e2%80%9d-paula-narvaez-y-su-incomodidad-al-hablar-del-comandante-ramiro","status":"publish","type":"post","link":"http:\/\/www.lanuevaopcion.cl\/?p=26553","title":{"rendered":"\u201cYo considero que acabo de contestar\u201d: Paula Narv\u00e1ez y su incomodidad al hablar del comandante Ramiro"},"content":{"rendered":"<p><img loading=\"lazy\" decoding=\"async\"  alt=\"\" src=\"https:\/\/www.lacuarta.com\/wp-content\/uploads\/2021\/03\/narvaez-ramiro-390x293.jpg\" class=\"alignleft\" width=\"390\" height=\"293\" \/ class=\"alignleft\" style=\"margin-right:15px;margin-bottom:10px;float:left;\" ><br \/>\nFue un momento de definiciones para la abanderada del Partido Socialista, Paula Narv\u00e1ez.<\/p>\n<p>La invitada de anoche al programa Tolerancia Cero, de Chilevisi\u00f3n y CNN Chile, no solo fue tema en las redes sociales. Acapar\u00f3 el debate pol\u00edtico nocturno.<\/p>\n<p>Una de las preguntas que captur\u00f3 la atenci\u00f3n fue su respuesta ante la condici\u00f3n o no de preso pol\u00edtico del asesino de Jaime Guzm\u00e1n.<br \/>\n<!--more--><\/p>\n<p>\u201cSi usted fuera presidenta, \u00bfcerrar\u00eda Punta Peuco?\u201d, comenz\u00f3 diciendo M\u00f3nica Rinc\u00f3n.<\/p>\n<p>\u201cS\u00ed\u201d, respondi\u00f3 veloz Narv\u00e1ez.<\/p>\n<p>\u201cPerfecto\u201d, se relami\u00f3 \u201cQueen\u201d M\u00f3nica, mientras tej\u00eda su siguiente pregunta:<\/p>\n<p>\u201c\u00bfY considera a Mauricio Hern\u00e1ndez Norambuena un preso pol\u00edtico?\u201d, dijo.<\/p>\n<p>La precandidata presidencial del PS respir\u00f3 hondo y respondi\u00f3 a los tropiezos.<\/p>\n<p>\u201c\u00c9l es un condenado por un asesinato, yo creo que esa es su condici\u00f3n\u201d, se\u00f1al\u00f3.<\/p>\n<p>\u201cO sea no es un preso pol\u00edtico\u2026\u201d alcanz\u00f3 a replicar la periodista.<\/p>\n<p>\u201c\u00bfCu\u00e1l es esa condici\u00f3n? Porque la condena la conocemos todos\u201d, meti\u00f3 la cuchara Macarena Lescornez.<\/p>\n<p>\u201cLa pregunta es si es un preso pol\u00edtico o no\u201d, dijeron a coro las periodistas.<\/p>\n<p>Narv\u00e1ez volvi\u00f3 a la carga con un nuevo intento.<\/p>\n<p>\u201c\u00c9l es un\u2026 est\u00e1 ejerciendo su condena por haber sido parte de un asesinato a un Senador de la Rep\u00fablica, en esa condici\u00f3n\u201d.<\/p>\n<p>El panelista Daniel Mansuy quiso provocar a la invitada. \u201c\u00bfPor qu\u00e9 le cuesta tanto a la izquierda responder esa pregunta que es tan simple\u2026 es o no es un preso pol\u00edtico?\u201d, atin\u00f3.<\/p>\n<p>\u201cYo considero que acabo de contestar\u201d, zanj\u00f3 Narv\u00e1ez algo ofuscada aunque sin perder la calma.<\/p>\n<p>\u201cA ver\u201d, continu\u00f3 Rinc\u00f3n, \u201cse lo pregunto de otra forma entonces: \u00bfuna persona condenada por el asesinato a un senador en democracia merece el calificativo de preso pol\u00edtico?\u201d.<\/p>\n<p>\u201cYo creo que no es un preso pol\u00edtico\u201d, sentenci\u00f3 Narv\u00e1ez.<\/p>\n<p>\u201c\u00bfPor qu\u00e9 le cuesta tanto contestar?\u201d, dijo esta vez ciza\u00f1era Lescornez.<\/p>\n<p>\u201cPorque lo estaba pensando y porque yo pienso en la conversaci\u00f3n, Macarena, y creo que es necesario\u201d, se apur\u00f3 en decir Narv\u00e1ez.<\/p>\n<p>\u201cPero Punta Peuco\u2026\u201d<\/p>\n<p>\u201cLo que pasa es que, claro, en el caso de Punta Peuco hay una reflexi\u00f3n previa que he realizado\u201d, dijo la precandidata presidencial.<\/p>\n<p>Luego cerr\u00f3: \u201cEs importante, cuando hay una reflexi\u00f3n previa en un tema, poder contestar de una manera, en otra la conversaci\u00f3n genera el pensamiento\u201d.<\/p>\n<p>Revisa el momento<br \/>\nV\u00eda CNN Chile.<\/p>\n<p>https:\/\/www.lacuarta.com\/cronica\/noticia\/paula-narvaez-incomodidad-comandante-ramiro\/614815\/<br \/>\nFUENTE. LA CUARTA.COM<br \/>\nMEDIO DE DIFUSI\u00d3N, SIN FIN DE LUCRO ALGUNO <\/p>\n","protected":false},"excerpt":{"rendered":"<p>Fue un momento de definiciones para la abanderada del Partido Socialista, Paula Narv\u00e1ez. La invitada de anoche al programa Tolerancia Cero, de Chilevisi\u00f3n y CNN Chile, no solo fue tema en las redes sociales. Acapar\u00f3 el debate pol\u00edtico nocturno. Una de las preguntas que captur\u00f3 la atenci\u00f3n fue su respuesta ante la condici\u00f3n o no [&hellip;]<\/p>\n","protected":false},"author":51,"featured_media":0,"comment_status":"open","ping_status":"open","sticky":false,"template":"","format":"standard","meta":{"footnotes":""},"categories":[8,4,9,16,1,31,11],"tags":[680],"class_list":["post-26553","post","type-post","status-publish","format-standard","hentry","category-cultura","category-economia","category-educacion","category-nacional","category-uncategorized","category-salud","category-tendencias","tag-paula-narvaez"],"_links":{"self":[{"href":"http:\/\/www.lanuevaopcion.cl\/index.php?rest_route=\/wp\/v2\/posts\/26553","targetHints":{"allow":["GET"]}}],"collection":[{"href":"http:\/\/www.lanuevaopcion.cl\/index.php?rest_route=\/wp\/v2\/posts"}],"about":[{"href":"http:\/\/www.lanuevaopcion.cl\/index.php?rest_route=\/wp\/v2\/types\/post"}],"author":[{"embeddable":true,"href":"http:\/\/www.lanuevaopcion.cl\/index.php?rest_route=\/wp\/v2\/users\/51"}],"replies":[{"embeddable":true,"href":"http:\/\/www.lanuevaopcion.cl\/index.php?rest_route=%2Fwp%2Fv2%2Fcomments&post=26553"}],"version-history":[{"count":1,"href":"http:\/\/www.lanuevaopcion.cl\/index.php?rest_route=\/wp\/v2\/posts\/26553\/revisions"}],"predecessor-version":[{"id":26554,"href":"http:\/\/www.lanuevaopcion.cl\/index.php?rest_route=\/wp\/v2\/posts\/26553\/revisions\/26554"}],"wp:attachment":[{"href":"http:\/\/www.lanuevaopcion.cl\/index.php?rest_route=%2Fwp%2Fv2%2Fmedia&parent=26553"}],"wp:term":[{"taxonomy":"category","embeddable":true,"href":"http:\/\/www.lanuevaopcion.cl\/index.php?rest_route=%2Fwp%2Fv2%2Fcategories&post=26553"},{"taxonomy":"post_tag","embeddable":true,"href":"http:\/\/www.lanuevaopcion.cl\/index.php?rest_route=%2Fwp%2Fv2%2Ftags&post=26553"}],"curies":[{"name":"wp","href":"https:\/\/api.w.org\/{rel}","templated":true}]}}