{"id":26540,"date":"2021-03-17T02:47:55","date_gmt":"2021-03-17T02:47:55","guid":{"rendered":"http:\/\/www.lanuevaopcion.cl\/?p=26540"},"modified":"2021-03-17T02:47:55","modified_gmt":"2021-03-17T02:47:55","slug":"jose-antonio-kast-da-positivo-por-covid-19-%c2%abcuidense-se-vienen-semanas-dificiles-para-chile%c2%bb","status":"publish","type":"post","link":"http:\/\/www.lanuevaopcion.cl\/?p=26540","title":{"rendered":"Jos\u00e9 Antonio Kast da positivo por Covid-19: \u00abCu\u00eddense, se vienen semanas dif\u00edciles para Chile\u00bb"},"content":{"rendered":"<p><img loading=\"lazy\" decoding=\"async\"  alt=\"\" src=\"https:\/\/www.lacuarta.com\/wp-content\/uploads\/2018\/07\/Kast31-380x270.jpg\" class=\"alignleft\" width=\"380\" height=\"270\" \/ class=\"alignleft\" style=\"margin-right:15px;margin-bottom:10px;float:left;\" ><br \/>\n\u00abEstimados amigos, les quiero comunicar que el d\u00eda de hoy por la ma\u00f1ana he recibido la notificaci\u00f3n de que estoy contagiado de Covid\u00bb.<\/p>\n<p>Con estas palabras comienza el video de 3 minutos y 41 segundos con el que Jos\u00e9 Antonio Kast, hombre ancla del Partido Republicano, anunci\u00f3 que tiene coronavirus.<\/p>\n<p>\u00abEl domingo en la tarde, desde que sent\u00ed alguno de los primeros s\u00edntomas, tom\u00e9 ciertos resguardos y me hice junto a toda mi familia el test PCR. De todos, el \u00fanico que dio positivo fui yo y opt\u00e9 por aislarme en mi hogar a la espera de este resultado que, como les comento, sali\u00f3 positivo\u00bb, explic\u00f3 el excandidato presidencial.<br \/>\n<!--more--><br \/>\nLuego agreg\u00f3: \u00abHe tenido algunos s\u00edntomas menores, como fiebre, alguna molestia nasal, pero puedo decir que en t\u00e9rminos generales estoy bien\u00bb<\/p>\n<p>\u00abDesde mi hogar, hago un llamado a todas las personas a que se sigan cuidando y a que tomen a\u00fan m\u00e1s precauciones para no contagiarse\u00bb, complet\u00f3.<\/p>\n<p>Kast tambi\u00e9n lo anunci\u00f3 en su Twitter, donde escribi\u00f3: \u00abCu\u00eddense, se vienen semanas dif\u00edciles para Chile antes de que podamos derrotar esta enfermedad\u00bb.<\/p>\n<p>Revisa ac\u00e1 el video:<br \/>\nhttps:\/\/www.lacuarta.com\/cronica\/noticia\/jose-antonio-kast-positivo-covid\/613160\/<br \/>\nFUENTE. LA CUARTA. COM <\/p>\n","protected":false},"excerpt":{"rendered":"<p>\u00abEstimados amigos, les quiero comunicar que el d\u00eda de hoy por la ma\u00f1ana he recibido la notificaci\u00f3n de que estoy contagiado de Covid\u00bb. Con estas palabras comienza el video de 3 minutos y 41 segundos con el que Jos\u00e9 Antonio Kast, hombre ancla del Partido Republicano, anunci\u00f3 que tiene coronavirus. \u00abEl domingo en la tarde, [&hellip;]<\/p>\n","protected":false},"author":51,"featured_media":0,"comment_status":"open","ping_status":"open","sticky":false,"template":"","format":"standard","meta":{"footnotes":""},"categories":[8,4,9,16,1,31,11],"tags":[535,675,710],"class_list":["post-26540","post","type-post","status-publish","format-standard","hentry","category-cultura","category-economia","category-educacion","category-nacional","category-uncategorized","category-salud","category-tendencias","tag-covid-19","tag-cronica","tag-jose-antonio-kast"],"_links":{"self":[{"href":"http:\/\/www.lanuevaopcion.cl\/index.php?rest_route=\/wp\/v2\/posts\/26540","targetHints":{"allow":["GET"]}}],"collection":[{"href":"http:\/\/www.lanuevaopcion.cl\/index.php?rest_route=\/wp\/v2\/posts"}],"about":[{"href":"http:\/\/www.lanuevaopcion.cl\/index.php?rest_route=\/wp\/v2\/types\/post"}],"author":[{"embeddable":true,"href":"http:\/\/www.lanuevaopcion.cl\/index.php?rest_route=\/wp\/v2\/users\/51"}],"replies":[{"embeddable":true,"href":"http:\/\/www.lanuevaopcion.cl\/index.php?rest_route=%2Fwp%2Fv2%2Fcomments&post=26540"}],"version-history":[{"count":1,"href":"http:\/\/www.lanuevaopcion.cl\/index.php?rest_route=\/wp\/v2\/posts\/26540\/revisions"}],"predecessor-version":[{"id":26541,"href":"http:\/\/www.lanuevaopcion.cl\/index.php?rest_route=\/wp\/v2\/posts\/26540\/revisions\/26541"}],"wp:attachment":[{"href":"http:\/\/www.lanuevaopcion.cl\/index.php?rest_route=%2Fwp%2Fv2%2Fmedia&parent=26540"}],"wp:term":[{"taxonomy":"category","embeddable":true,"href":"http:\/\/www.lanuevaopcion.cl\/index.php?rest_route=%2Fwp%2Fv2%2Fcategories&post=26540"},{"taxonomy":"post_tag","embeddable":true,"href":"http:\/\/www.lanuevaopcion.cl\/index.php?rest_route=%2Fwp%2Fv2%2Ftags&post=26540"}],"curies":[{"name":"wp","href":"https:\/\/api.w.org\/{rel}","templated":true}]}}