{"id":26538,"date":"2021-03-16T09:46:13","date_gmt":"2021-03-16T09:46:13","guid":{"rendered":"http:\/\/www.lanuevaopcion.cl\/?p=26538"},"modified":"2021-03-16T09:46:13","modified_gmt":"2021-03-16T09:46:13","slug":"entrenando-en-los-pasillos-masiva-protesta-por-cierre-de-gimnasios-en-pleno-costanera-center","status":"publish","type":"post","link":"http:\/\/www.lanuevaopcion.cl\/?p=26538","title":{"rendered":"Entrenando en los pasillos: masiva protesta por cierre de gimnasios en pleno Costanera Center"},"content":{"rendered":"<p><img loading=\"lazy\" decoding=\"async\"  alt=\"\" src=\"https:\/\/www.lacuarta.com\/wp-content\/uploads\/2021\/03\/A_UNO_1262867-390x293.jpg\" class=\"alignleft\" width=\"390\" height=\"293\" \/ class=\"alignleft\" style=\"margin-right:15px;margin-bottom:10px;float:left;\" ><br \/>\nUna particular protesta se produjo este lunes en el Mall Costanera Center. Esto, luego que un grupo de personas llegaran a reclamar por el cierre de los gimnasios, medida impuesta por el Minsal para las comunas que se encuentren en fase de Transici\u00f3n en el \u201cPlan Paso a Paso\u201d.<\/p>\n<p>Los manifestantes ingresaron en patota al centro comercial y, en uno de los pisos del recinto, comenzaron a realizar ejercicios ante la mirada at\u00f3nita de quienes a esa hora se encontraban en el lugar.<br \/>\n<!--more--><br \/>\n\u201cEl ejercicio es salud mental y f\u00edsica\u201d, se pod\u00eda leer en uno de los carteles que exhibieron algunas personas que llegaron a la manifestaci\u00f3n, la cual fue encabezada por un grupo de instructores de centros deportivos.<\/p>\n<p>M\u00c1S SOBRE CORONAVIRUS<br \/>\nMinistro Paris le da luz verde a elecciones de abril pese al aumento de casos15 MAR 2021<br \/>\n\u201cCorten la chacota\u201d: el furioso reclamo de Jordi Castell por cierres de los gimnasios15 MAR 2021<br \/>\nComo era de esperarse, la inusual protesta gener\u00f3 se viraliz\u00f3 de una a trav\u00e9s del cibermundo, donde gener\u00f3 una ola de comentarios.<\/p>\n<p>Si bien algunos apoyaban la manifestaci\u00f3n, otros estuvieron en contra y la calificaron de \u201cexagerada\u201d.<\/p>\n<p>Los registros que se compartieron en la web<br \/>\nhttps:\/\/www.lacuarta.com\/cronica\/noticia\/entrenando-los-pasillos-masiva-protesta-cierre-gimnasios-pleno-costanera-center\/612809\/<br \/>\nFUENTE, LA CUARTA.COM<br \/>\nMEDIO DE DIFUSI\u00d3N, SIN FIN DE LUCRO ALGUNO <\/p>\n","protected":false},"excerpt":{"rendered":"<p>Una particular protesta se produjo este lunes en el Mall Costanera Center. Esto, luego que un grupo de personas llegaran a reclamar por el cierre de los gimnasios, medida impuesta por el Minsal para las comunas que se encuentren en fase de Transici\u00f3n en el \u201cPlan Paso a Paso\u201d. Los manifestantes ingresaron en patota al [&hellip;]<\/p>\n","protected":false},"author":51,"featured_media":0,"comment_status":"open","ping_status":"open","sticky":false,"template":"","format":"standard","meta":{"footnotes":""},"categories":[8,7,9,16,1,31,11],"tags":[1632],"class_list":["post-26538","post","type-post","status-publish","format-standard","hentry","category-cultura","category-deporte","category-educacion","category-nacional","category-uncategorized","category-salud","category-tendencias","tag-deporte"],"_links":{"self":[{"href":"http:\/\/www.lanuevaopcion.cl\/index.php?rest_route=\/wp\/v2\/posts\/26538","targetHints":{"allow":["GET"]}}],"collection":[{"href":"http:\/\/www.lanuevaopcion.cl\/index.php?rest_route=\/wp\/v2\/posts"}],"about":[{"href":"http:\/\/www.lanuevaopcion.cl\/index.php?rest_route=\/wp\/v2\/types\/post"}],"author":[{"embeddable":true,"href":"http:\/\/www.lanuevaopcion.cl\/index.php?rest_route=\/wp\/v2\/users\/51"}],"replies":[{"embeddable":true,"href":"http:\/\/www.lanuevaopcion.cl\/index.php?rest_route=%2Fwp%2Fv2%2Fcomments&post=26538"}],"version-history":[{"count":1,"href":"http:\/\/www.lanuevaopcion.cl\/index.php?rest_route=\/wp\/v2\/posts\/26538\/revisions"}],"predecessor-version":[{"id":26539,"href":"http:\/\/www.lanuevaopcion.cl\/index.php?rest_route=\/wp\/v2\/posts\/26538\/revisions\/26539"}],"wp:attachment":[{"href":"http:\/\/www.lanuevaopcion.cl\/index.php?rest_route=%2Fwp%2Fv2%2Fmedia&parent=26538"}],"wp:term":[{"taxonomy":"category","embeddable":true,"href":"http:\/\/www.lanuevaopcion.cl\/index.php?rest_route=%2Fwp%2Fv2%2Fcategories&post=26538"},{"taxonomy":"post_tag","embeddable":true,"href":"http:\/\/www.lanuevaopcion.cl\/index.php?rest_route=%2Fwp%2Fv2%2Ftags&post=26538"}],"curies":[{"name":"wp","href":"https:\/\/api.w.org\/{rel}","templated":true}]}}