{"id":26536,"date":"2021-03-16T09:41:48","date_gmt":"2021-03-16T09:41:48","guid":{"rendered":"http:\/\/www.lanuevaopcion.cl\/?p=26536"},"modified":"2021-03-16T09:41:48","modified_gmt":"2021-03-16T09:41:48","slug":"bebe-fue-vacunada-erroneamente-contra-el-covid-19-en-villarrica","status":"publish","type":"post","link":"http:\/\/www.lanuevaopcion.cl\/?p=26536","title":{"rendered":"Beb\u00e9 fue vacunada err\u00f3neamente contra el Covid-19 en Villarrica"},"content":{"rendered":"<p><img loading=\"lazy\" decoding=\"async\"  alt=\"\" src=\"https:\/\/www.lacuarta.com\/wp-content\/uploads\/2021\/01\/Vacuna-656x368-1-656x368-900x600.jpg\" class=\"alignleft\" width=\"900\" height=\"600\" \/ class=\"alignleft\" style=\"margin-right:15px;margin-bottom:10px;float:left;\" ><br \/>\nDurante la jornada de este lunes, una beb\u00e9 de seis meses fue err\u00f3neamente vacunada con la vacuna CoronaVac, del laboratorio Sinovac, contra el Covid-19 en la comuna de Villarrica, Regi\u00f3n de La Araucan\u00eda.<\/p>\n<p>El alcalde subrogante de Villarrica, Munir Saphier, confirm\u00f3 la noticia y detall\u00f3 que \u00abfue un error de la enfermera que ten\u00eda que vacunarla\u00bb que confundi\u00f3 la inoculaci\u00f3n contra el coronavirus y la que usualmente se pone a los seis meses de edad, originando una preocupaci\u00f3n en la familia de la infante.<br \/>\n<!--more--><br \/>\n\u00abVamos a iniciar ma\u00f1ana un proceso sumarial para aclarar la situaci\u00f3n, en qu\u00e9 circunstancias ocurri\u00f3, por qu\u00e9 se origin\u00f3 este error. La investigaci\u00f3n debe determinar a qu\u00e9 se debi\u00f3\u00bb, asegur\u00f3 Saphier y agreg\u00f3 que ser\u00e1 parte de la indagatoria \u00abel porqu\u00e9 est\u00e1n en un mismo lugar distintas vacunas, eso va a ser parte del proceso que hay que investigar y aclarar\u00bb.<\/p>\n<p>Respecto a la menor, hasta el momento, no ha tenido ning\u00fan s\u00edntoma adverso durante las \u00faltimas horas. A\u00fan as\u00ed, el equipo de salud municipal \u00abse mantendr\u00e1 controlando a la peque\u00f1a en su domicilio, donde recibir\u00e1 la visita de un equipo m\u00e9dico del Departamento de Salud Municipal\u00bb, sostuvo la seremi de Salud regional, Gloria Aravena.<br \/>\nhttps:\/\/www.lacuarta.com\/cronica\/noticia\/bebe-fue-vacunada-erroneamente-contra-el-covid-19-en-villarrica\/612932\/<br \/>\nFUENTE. LA CUARTA.COM<br \/>\nMEDIO DE DIFUSI\u00d3N, SIN FIN DE LUCRO ALGUNO <\/p>\n","protected":false},"excerpt":{"rendered":"<p>Durante la jornada de este lunes, una beb\u00e9 de seis meses fue err\u00f3neamente vacunada con la vacuna CoronaVac, del laboratorio Sinovac, contra el Covid-19 en la comuna de Villarrica, Regi\u00f3n de La Araucan\u00eda. El alcalde subrogante de Villarrica, Munir Saphier, confirm\u00f3 la noticia y detall\u00f3 que \u00abfue un error de la enfermera que ten\u00eda que [&hellip;]<\/p>\n","protected":false},"author":51,"featured_media":0,"comment_status":"open","ping_status":"open","sticky":false,"template":"","format":"standard","meta":{"footnotes":""},"categories":[8,9,16,31,11],"tags":[546,709,35],"class_list":["post-26536","post","type-post","status-publish","format-standard","hentry","category-cultura","category-educacion","category-nacional","category-salud","category-tendencias","tag-covid19","tag-la-araucania","tag-regiones"],"_links":{"self":[{"href":"http:\/\/www.lanuevaopcion.cl\/index.php?rest_route=\/wp\/v2\/posts\/26536","targetHints":{"allow":["GET"]}}],"collection":[{"href":"http:\/\/www.lanuevaopcion.cl\/index.php?rest_route=\/wp\/v2\/posts"}],"about":[{"href":"http:\/\/www.lanuevaopcion.cl\/index.php?rest_route=\/wp\/v2\/types\/post"}],"author":[{"embeddable":true,"href":"http:\/\/www.lanuevaopcion.cl\/index.php?rest_route=\/wp\/v2\/users\/51"}],"replies":[{"embeddable":true,"href":"http:\/\/www.lanuevaopcion.cl\/index.php?rest_route=%2Fwp%2Fv2%2Fcomments&post=26536"}],"version-history":[{"count":1,"href":"http:\/\/www.lanuevaopcion.cl\/index.php?rest_route=\/wp\/v2\/posts\/26536\/revisions"}],"predecessor-version":[{"id":26537,"href":"http:\/\/www.lanuevaopcion.cl\/index.php?rest_route=\/wp\/v2\/posts\/26536\/revisions\/26537"}],"wp:attachment":[{"href":"http:\/\/www.lanuevaopcion.cl\/index.php?rest_route=%2Fwp%2Fv2%2Fmedia&parent=26536"}],"wp:term":[{"taxonomy":"category","embeddable":true,"href":"http:\/\/www.lanuevaopcion.cl\/index.php?rest_route=%2Fwp%2Fv2%2Fcategories&post=26536"},{"taxonomy":"post_tag","embeddable":true,"href":"http:\/\/www.lanuevaopcion.cl\/index.php?rest_route=%2Fwp%2Fv2%2Ftags&post=26536"}],"curies":[{"name":"wp","href":"https:\/\/api.w.org\/{rel}","templated":true}]}}