{"id":26534,"date":"2021-03-15T05:22:29","date_gmt":"2021-03-15T05:22:29","guid":{"rendered":"http:\/\/www.lanuevaopcion.cl\/?p=26534"},"modified":"2021-03-15T05:22:29","modified_gmt":"2021-03-15T05:22:29","slug":"ortiz-emplaza-al-gobierno-a-resolver-baja-cobertura-del-bono-clase-media","status":"publish","type":"post","link":"http:\/\/www.lanuevaopcion.cl\/?p=26534","title":{"rendered":"Ortiz emplaza al Gobierno a resolver baja cobertura del Bono Clase Media"},"content":{"rendered":"<p><img loading=\"lazy\" decoding=\"async\"  alt=\"\" src=\"https:\/\/www.lacuarta.com\/wp-content\/uploads\/2020\/07\/Comisi%C3%B3n-Mixta-Presupu-7093987-390x293.jpg\" class=\"alignleft\" width=\"390\" height=\"293\" \/ class=\"alignleft\" style=\"margin-right:15px;margin-bottom:10px;float:left;\" ><br \/>\nDurante la jornada de este domingo, el diputado Jos\u00e9 Miguel Ortiz se refiri\u00f3 al nuevo bono clase media que anunci\u00f3 recientemente el Gobierno.<\/p>\n<p>Ante esto, indic\u00f3 que el a\u00f1o pasado este beneficio present\u00f3 \u00abvarios problemas de implementaci\u00f3n y dej\u00f3 afuera a muchos sectores entre ellos trabajadores de la cultura, de servicios y muchas familias que se salvaron de la crisis gracias al primer y segundo retiro del 10%\u00bb.<\/p>\n<p>El legislador, quien integra la Comisi\u00f3n de Hacienda, agreg\u00f3 que el gasto fiscal en apoyos sociales durante 2020 fue US$ 4.956 millones, mientras que lo que inyect\u00f3 el primer y segundo retiro fue m\u00e1s de US$ 30.000 millones, \u00abclaramente el esfuerzo fiscal fue insuficiente y la sociedad sobrevivi\u00f3 por sus ahorros previsionales individuales\u00bb.<br \/>\n<!--more--><br \/>\nM\u00c1S SOBRE ACTUALIDAD<br \/>\nCristian Barra renunci\u00f3 a su cargo de delegado presidencial en la Macrozona Sur tras pol\u00e9micas declaraciones14 MAR 2021<br \/>\nJadue condena operativo de Carabineros en Villa Francia14 MAR 2021<br \/>\nOrtiz precis\u00f3 que este a\u00f1o se deben resolver los recortes de cobertura del IFE 2021 que ayuda al 40% m\u00e1s vulnerable. En ese sentido, aclar\u00f3 que \u00ablos cambios que introdujo el Gobierno en enero dej\u00f3 afuera a m\u00e1s de 1,0 mill\u00f3n de hogares del IFE y al resto \u2013cerca de 1,8 millones de hogares con aporte promedio de $40.000-, eso no es soluci\u00f3n para la crisis que genera este rebrote\u00bb.<\/p>\n<p>Finalmente, el diputado hizo un llamado al Ministro de Hacienda a resolver los problemas del IFE y la baja cobertura del bono clase media \u00abpara efectivamente accedan las familias afectadas sin empleo, con ca\u00edda de ingresos, que son informales y que no tuvieron ayuda fiscal como los trabajadores de la cultura, de los servicios\u00bb.<br \/>\nhttps:\/\/www.lacuarta.com\/cronica\/noticia\/ortiz-emplaza-al-gobierno-a-resolver-baja-cobertura-del-bono-clase-media\/612470\/<br \/>\nFUENTE. LA CUARTA.COM<br \/>\nMEDIO DE DIFUSI\u00d3N, SIN FIN DE LUCRO ALGUNO <\/p>\n","protected":false},"excerpt":{"rendered":"<p>Durante la jornada de este domingo, el diputado Jos\u00e9 Miguel Ortiz se refiri\u00f3 al nuevo bono clase media que anunci\u00f3 recientemente el Gobierno. Ante esto, indic\u00f3 que el a\u00f1o pasado este beneficio present\u00f3 \u00abvarios problemas de implementaci\u00f3n y dej\u00f3 afuera a muchos sectores entre ellos trabajadores de la cultura, de servicios y muchas familias que [&hellip;]<\/p>\n","protected":false},"author":51,"featured_media":0,"comment_status":"open","ping_status":"open","sticky":false,"template":"","format":"standard","meta":{"footnotes":""},"categories":[8,4,16,1,31,11],"tags":[163],"class_list":["post-26534","post","type-post","status-publish","format-standard","hentry","category-cultura","category-economia","category-nacional","category-uncategorized","category-salud","category-tendencias","tag-congreso"],"_links":{"self":[{"href":"http:\/\/www.lanuevaopcion.cl\/index.php?rest_route=\/wp\/v2\/posts\/26534","targetHints":{"allow":["GET"]}}],"collection":[{"href":"http:\/\/www.lanuevaopcion.cl\/index.php?rest_route=\/wp\/v2\/posts"}],"about":[{"href":"http:\/\/www.lanuevaopcion.cl\/index.php?rest_route=\/wp\/v2\/types\/post"}],"author":[{"embeddable":true,"href":"http:\/\/www.lanuevaopcion.cl\/index.php?rest_route=\/wp\/v2\/users\/51"}],"replies":[{"embeddable":true,"href":"http:\/\/www.lanuevaopcion.cl\/index.php?rest_route=%2Fwp%2Fv2%2Fcomments&post=26534"}],"version-history":[{"count":1,"href":"http:\/\/www.lanuevaopcion.cl\/index.php?rest_route=\/wp\/v2\/posts\/26534\/revisions"}],"predecessor-version":[{"id":26535,"href":"http:\/\/www.lanuevaopcion.cl\/index.php?rest_route=\/wp\/v2\/posts\/26534\/revisions\/26535"}],"wp:attachment":[{"href":"http:\/\/www.lanuevaopcion.cl\/index.php?rest_route=%2Fwp%2Fv2%2Fmedia&parent=26534"}],"wp:term":[{"taxonomy":"category","embeddable":true,"href":"http:\/\/www.lanuevaopcion.cl\/index.php?rest_route=%2Fwp%2Fv2%2Fcategories&post=26534"},{"taxonomy":"post_tag","embeddable":true,"href":"http:\/\/www.lanuevaopcion.cl\/index.php?rest_route=%2Fwp%2Fv2%2Ftags&post=26534"}],"curies":[{"name":"wp","href":"https:\/\/api.w.org\/{rel}","templated":true}]}}