{"id":26530,"date":"2021-03-15T05:16:43","date_gmt":"2021-03-15T05:16:43","guid":{"rendered":"http:\/\/www.lanuevaopcion.cl\/?p=26530"},"modified":"2021-03-15T05:16:56","modified_gmt":"2021-03-15T05:16:56","slug":"cristian-barra-renuncio-a-su-cargo-de-delegado-presidencial-en-la-macrozona-sur-tras-polemicas-declaraciones","status":"publish","type":"post","link":"http:\/\/www.lanuevaopcion.cl\/?p=26530","title":{"rendered":"Cristian Barra renunci\u00f3 a su cargo de delegado presidencial en la Macrozona Sur tras pol\u00e9micas declaraciones"},"content":{"rendered":"<p><img loading=\"lazy\" decoding=\"async\"  alt=\"\" src=\"https:\/\/www.lacuarta.com\/wp-content\/uploads\/2020\/11\/A_UNO_376319.jpg\" class=\"alignleft\" width=\"900\" height=\"600\" \/ class=\"alignleft\" style=\"margin-right:15px;margin-bottom:10px;float:left;\" ><br \/>\nDurante la tarde de este domingo, el Gobierno inform\u00f3 que se acept\u00f3 la renuncia de Cristi\u00e1n Barra a su cargo de Jefe de Equipo Coordinador para la Macrozona Sur, esto despu\u00e9s de sus pol\u00e9micas declaraciones brindadas en una entrevista.<\/p>\n<p>En un breve comunicado, agradeci\u00f3 sus labores y compromiso, adem\u00e1s de anunciar que Loreto Silva Rojas ser\u00e1 su reemplazante.<\/p>\n<p>Esto ocurre luego que, en una entrevista con El Mercurio, Barra acusara \u00abfalta de voluntad de las Fuerzas Armadas\u00bb para resolver el conflicto en La Araucan\u00eda, ya que afirm\u00f3 que \u00abme toca reunirme con ellos como jefes de la defensa en las distintas regiones y particularmente encuentro ins\u00f3lito que lleguen a las reuniones con abogados para poder decir que no pueden hacer las cosas que uno quisiera\u00bb.<br \/>\n<!--more--><br \/>\nSus palabras provocaron cr\u00edticas transversales, ya que fueron cuestionadas desde el oficialismo hasta la oposici\u00f3n.<\/p>\n<p>Este es el comunicado del Gobierno completo:<\/p>\n<p>\u00abEl Ministerio del Interior y Seguridad P\u00fablica informa que se ha aceptado la renuncia de Cristi\u00e1n Barra al cargo de Jefe del Equipo Coordinador para la Macrozona Sur.<\/p>\n<p>El Gobierno agradece su labor y el compromiso de Cristi\u00e1n Barra durante el tiempo que se desempe\u00f1\u00f3 en su cargo.<\/p>\n<p>Junto con lo anterior, se informa que se ha designado como Asesora Presidencial en la Macrozona Sur a la abogada Loreto Silva Rojas, cuya labor estar\u00e1 enfocada en materias relativas a la coordinaci\u00f3n legal del trabajo del Gobierno en la  Macrozona Sur, para lo cual trabajar\u00e1 en conjunto a los Intendentes, Gobernadores y equipos jur\u00eddicos de la zona.<\/p>\n<p>Loreto Silva es una destacada abogada de la Universidad de Chile, que durante el primer gobierno del Presidente Pi\u00f1era se desempe\u00f1\u00f3 como subsecretaria y ministra de Obras P\u00fablicas\u00bb.<br \/>\nhttps:\/\/www.lacuarta.com\/cronica\/noticia\/cristian-barracristian-barra-renuncio-a-su-cargo-de-delegado-presidencial-en-la-macrozona-sur-tras-polemicas-declaraciones\/612477\/<br \/>\nFUENTE. LA CUARTA.COM<br \/>\nMEDIO DE DIFUSI\u00d3N , SIN FIN DE LUCRO ALCGUNO <\/p>\n","protected":false},"excerpt":{"rendered":"<p>Durante la tarde de este domingo, el Gobierno inform\u00f3 que se acept\u00f3 la renuncia de Cristi\u00e1n Barra a su cargo de Jefe de Equipo Coordinador para la Macrozona Sur, esto despu\u00e9s de sus pol\u00e9micas declaraciones brindadas en una entrevista. En un breve comunicado, agradeci\u00f3 sus labores y compromiso, adem\u00e1s de anunciar que Loreto Silva Rojas [&hellip;]<\/p>\n","protected":false},"author":51,"featured_media":0,"comment_status":"open","ping_status":"open","sticky":false,"template":"","format":"standard","meta":{"footnotes":""},"categories":[4,16,1,31,11],"tags":[708],"class_list":["post-26530","post","type-post","status-publish","format-standard","hentry","category-economia","category-nacional","category-uncategorized","category-salud","category-tendencias","tag-cronicas"],"_links":{"self":[{"href":"http:\/\/www.lanuevaopcion.cl\/index.php?rest_route=\/wp\/v2\/posts\/26530","targetHints":{"allow":["GET"]}}],"collection":[{"href":"http:\/\/www.lanuevaopcion.cl\/index.php?rest_route=\/wp\/v2\/posts"}],"about":[{"href":"http:\/\/www.lanuevaopcion.cl\/index.php?rest_route=\/wp\/v2\/types\/post"}],"author":[{"embeddable":true,"href":"http:\/\/www.lanuevaopcion.cl\/index.php?rest_route=\/wp\/v2\/users\/51"}],"replies":[{"embeddable":true,"href":"http:\/\/www.lanuevaopcion.cl\/index.php?rest_route=%2Fwp%2Fv2%2Fcomments&post=26530"}],"version-history":[{"count":3,"href":"http:\/\/www.lanuevaopcion.cl\/index.php?rest_route=\/wp\/v2\/posts\/26530\/revisions"}],"predecessor-version":[{"id":26533,"href":"http:\/\/www.lanuevaopcion.cl\/index.php?rest_route=\/wp\/v2\/posts\/26530\/revisions\/26533"}],"wp:attachment":[{"href":"http:\/\/www.lanuevaopcion.cl\/index.php?rest_route=%2Fwp%2Fv2%2Fmedia&parent=26530"}],"wp:term":[{"taxonomy":"category","embeddable":true,"href":"http:\/\/www.lanuevaopcion.cl\/index.php?rest_route=%2Fwp%2Fv2%2Fcategories&post=26530"},{"taxonomy":"post_tag","embeddable":true,"href":"http:\/\/www.lanuevaopcion.cl\/index.php?rest_route=%2Fwp%2Fv2%2Ftags&post=26530"}],"curies":[{"name":"wp","href":"https:\/\/api.w.org\/{rel}","templated":true}]}}