{"id":26528,"date":"2021-03-12T11:52:30","date_gmt":"2021-03-12T11:52:30","guid":{"rendered":"http:\/\/www.lanuevaopcion.cl\/?p=26528"},"modified":"2021-03-12T11:52:30","modified_gmt":"2021-03-12T11:52:30","slug":"pinera-recibe-segunda-dosis-de-la-vacuna-%c2%abestamos-cerca-de-empezar-a-liberarnos-de-esta-pandemia%c2%bb","status":"publish","type":"post","link":"http:\/\/www.lanuevaopcion.cl\/?p=26528","title":{"rendered":"Pi\u00f1era recibe segunda dosis de la vacuna: \u00abEstamos cerca de empezar a liberarnos de esta pandemia\u00bb"},"content":{"rendered":"<p><img loading=\"lazy\" decoding=\"async\"  alt=\"\" src=\"https:\/\/www.lacuarta.com\/wp-content\/uploads\/2021\/03\/Pi%C3%B1era-6-390x293.jpg\" class=\"alignleft\" width=\"390\" height=\"293\" \/ class=\"alignleft\" style=\"margin-right:15px;margin-bottom:10px;float:left;\" ><br \/>\nDurante la ma\u00f1ana de este viernes, el Presidente Sebasti\u00e1n Pi\u00f1era recibi\u00f3 la segunda dosis contra el Covid-19 en el Hospital Cl\u00ednico de la Fuerza A\u00e9rea de Chile, en la comuna de Las Condes.<\/p>\n<p>El pasado 12 de febrero, el mandatario fue inoculado por primera vez en el Cesfam de la comuna de Futrono.<\/p>\n<p>Luego de recibir la segunda vacuna, Pi\u00f1era destac\u00f3 que \u00abestamos muy cerca de llegar a la meta de vacunar a 5 millones de personas y as\u00ed poder avanzar hacia una protecci\u00f3n de la salud. Tenemos dos grande aliados; una es la vacuna y la otra son los cuidados personales\u00bb.<br \/>\n<!--more--><br \/>\n\u00abSi todos nos cuidamos, vamos a salir antes de esta pandemia que nos tiene ya a todos muy cansados. Llevamos demasiado tiempo con pandemia. La buena noticia es que ya tenemos 11 millones de vacunas y hemos comprometido m\u00e1s de 35 millones. Eso significa que pronto vamos a poder vacunar a la poblaci\u00f3n objetivo, pero cumplamos con las normas sanitarias\u00bb, a\u00f1adi\u00f3.<\/p>\n<p>Respecto al endurecimiento de medidas por parte del Minsal, Pi\u00f1era precisi\u00f3 que \u00abson sacrificios para la poblaci\u00f3n, pero son necesarios. Espero que este proceso d\u00e9 los resultados que nos permita iniciar una nueva etapa. Es lo que todos queremos\u00bb.<\/p>\n<p>Rebrote<br \/>\n\u00abEstamos en una etapa cr\u00edtica, estamos cerca de empezar a liberarnos de esta pandemia. Sigamos unidos\u00bb, sostuvo.<\/p>\n<p>En relaci\u00f3n al alza de contagios, el mandatario reconoci\u00f3 que \u00abestamos experimentado un rebrote; nos hab\u00edamos preparado para este rebrote, por esto est\u00e1 el Plan Marzo. De acuerdo a las circunstancias, tomamos las medidas, por eso, ayer tomamos la decisi\u00f3n que la RM retrocediera a Fase 2 y espero que no sea una fase larga\u00bb.<br \/>\nhttps:\/\/www.lacuarta.com\/cronica\/noticia\/pinera-recibe-segunda-dosis\/611871\/<br \/>\nFUENTE. LA CUARTA.COM<br \/>\nMEDIO DE DIFUSI\u00d3N, SIN FIN DE LUCRO ALGUNO <\/p>\n","protected":false},"excerpt":{"rendered":"<p>Durante la ma\u00f1ana de este viernes, el Presidente Sebasti\u00e1n Pi\u00f1era recibi\u00f3 la segunda dosis contra el Covid-19 en el Hospital Cl\u00ednico de la Fuerza A\u00e9rea de Chile, en la comuna de Las Condes. El pasado 12 de febrero, el mandatario fue inoculado por primera vez en el Cesfam de la comuna de Futrono. Luego de [&hellip;]<\/p>\n","protected":false},"author":51,"featured_media":0,"comment_status":"open","ping_status":"open","sticky":false,"template":"","format":"standard","meta":{"footnotes":""},"categories":[8,9,16,31,11],"tags":[675,431],"class_list":["post-26528","post","type-post","status-publish","format-standard","hentry","category-cultura","category-educacion","category-nacional","category-salud","category-tendencias","tag-cronica","tag-presidente-pinera"],"_links":{"self":[{"href":"http:\/\/www.lanuevaopcion.cl\/index.php?rest_route=\/wp\/v2\/posts\/26528","targetHints":{"allow":["GET"]}}],"collection":[{"href":"http:\/\/www.lanuevaopcion.cl\/index.php?rest_route=\/wp\/v2\/posts"}],"about":[{"href":"http:\/\/www.lanuevaopcion.cl\/index.php?rest_route=\/wp\/v2\/types\/post"}],"author":[{"embeddable":true,"href":"http:\/\/www.lanuevaopcion.cl\/index.php?rest_route=\/wp\/v2\/users\/51"}],"replies":[{"embeddable":true,"href":"http:\/\/www.lanuevaopcion.cl\/index.php?rest_route=%2Fwp%2Fv2%2Fcomments&post=26528"}],"version-history":[{"count":1,"href":"http:\/\/www.lanuevaopcion.cl\/index.php?rest_route=\/wp\/v2\/posts\/26528\/revisions"}],"predecessor-version":[{"id":26529,"href":"http:\/\/www.lanuevaopcion.cl\/index.php?rest_route=\/wp\/v2\/posts\/26528\/revisions\/26529"}],"wp:attachment":[{"href":"http:\/\/www.lanuevaopcion.cl\/index.php?rest_route=%2Fwp%2Fv2%2Fmedia&parent=26528"}],"wp:term":[{"taxonomy":"category","embeddable":true,"href":"http:\/\/www.lanuevaopcion.cl\/index.php?rest_route=%2Fwp%2Fv2%2Fcategories&post=26528"},{"taxonomy":"post_tag","embeddable":true,"href":"http:\/\/www.lanuevaopcion.cl\/index.php?rest_route=%2Fwp%2Fv2%2Ftags&post=26528"}],"curies":[{"name":"wp","href":"https:\/\/api.w.org\/{rel}","templated":true}]}}