{"id":26525,"date":"2021-03-11T09:14:28","date_gmt":"2021-03-11T09:14:28","guid":{"rendered":"http:\/\/www.lanuevaopcion.cl\/?p=26525"},"modified":"2021-03-11T09:15:06","modified_gmt":"2021-03-11T09:15:06","slug":"fallecio-el-actor-tomas-vidiella-luego-de-ser-internado-por-covid-19","status":"publish","type":"post","link":"http:\/\/www.lanuevaopcion.cl\/?p=26525","title":{"rendered":"Falleci\u00f3 el actor Tom\u00e1s Vidiella luego de ser internado por Covid-19"},"content":{"rendered":"<p><img loading=\"lazy\" decoding=\"async\"  alt=\"\" src=\"https:\/\/www.lacuarta.com\/wp-content\/uploads\/2021\/03\/tomas-390x293.png\" class=\"alignleft\" width=\"390\" height=\"293\" \/ class=\"alignleft\" style=\"margin-right:15px;margin-bottom:10px;float:left;\" ><br \/>\nDurante la jornada de este mi\u00e9rcoles, el reconocido actor nacional de 83 a\u00f1os, Tom\u00e1s Vidiella,  producto de complicaciones derivadas del Covid-19.<\/p>\n<p>Recordemos que hace algunos d\u00edas, se revel\u00f3 que el actor, contrajo coronavirus por lo que tuvo que ser hospitalizado en un centro de salud.<\/p>\n<p>La informaci\u00f3n fue entregada por actores como Renato Munster y Pancho Reyes en redes sociales, con profundo pesar.<br \/>\n<!--more--><br \/>\nRecordemos que Tom\u00e1s Humberto Eduardo Vidiella Baigorrotegui naci\u00f3 en Santiago en 1937 y se form\u00f3 en el Patrocinio San Jos\u00e9 y en el Instituto Nacional Barros Arana. Realiz\u00f3 unos cursos de actuaci\u00f3n en Nueva York, y se qued\u00f3 a vivir en Estados Unidos por 3 a\u00f1os, aprendiendo en el Actors Studio bajo las ense\u00f1anzas del conocido director Lee Strasberg, cuyo papel m\u00e1s c\u00e9lebre en el cine es el de Hyman Roth en El padrino II (1974).<\/p>\n<p>En tanto, el actor Francisco Reyes declar\u00f3 que \u201ccon profundo pesar hoy despedimos a un artista \u00fanico, un actor incansable, de los m\u00e1s grandes apasionados por el teatro. Tom\u00e1s Vidiella, que este abrazo cruce todas las fronteras. Tu legado te hace eterno\u201d.<br \/>\nhttps:\/\/www.lacuarta.com\/cronica\/noticia\/fallecio-el-actor-tomas-vidiella-luego-de-ser-internado-por-covid-19\/611304\/<br \/>\nFUENTE. LA CUARTA.COM<br \/>\nMEDIO DE DIFUSI\u00d3N, SIN FIN DE LUCRO ALGUNO <\/p>\n","protected":false},"excerpt":{"rendered":"<p>Durante la jornada de este mi\u00e9rcoles, el reconocido actor nacional de 83 a\u00f1os, Tom\u00e1s Vidiella, producto de complicaciones derivadas del Covid-19. Recordemos que hace algunos d\u00edas, se revel\u00f3 que el actor, contrajo coronavirus por lo que tuvo que ser hospitalizado en un centro de salud. La informaci\u00f3n fue entregada por actores como Renato Munster y [&hellip;]<\/p>\n","protected":false},"author":51,"featured_media":0,"comment_status":"open","ping_status":"open","sticky":false,"template":"","format":"standard","meta":{"footnotes":""},"categories":[8,9,5,16,31,11],"tags":[535,675],"class_list":["post-26525","post","type-post","status-publish","format-standard","hentry","category-cultura","category-educacion","category-internacional","category-nacional","category-salud","category-tendencias","tag-covid-19","tag-cronica"],"_links":{"self":[{"href":"http:\/\/www.lanuevaopcion.cl\/index.php?rest_route=\/wp\/v2\/posts\/26525","targetHints":{"allow":["GET"]}}],"collection":[{"href":"http:\/\/www.lanuevaopcion.cl\/index.php?rest_route=\/wp\/v2\/posts"}],"about":[{"href":"http:\/\/www.lanuevaopcion.cl\/index.php?rest_route=\/wp\/v2\/types\/post"}],"author":[{"embeddable":true,"href":"http:\/\/www.lanuevaopcion.cl\/index.php?rest_route=\/wp\/v2\/users\/51"}],"replies":[{"embeddable":true,"href":"http:\/\/www.lanuevaopcion.cl\/index.php?rest_route=%2Fwp%2Fv2%2Fcomments&post=26525"}],"version-history":[{"count":2,"href":"http:\/\/www.lanuevaopcion.cl\/index.php?rest_route=\/wp\/v2\/posts\/26525\/revisions"}],"predecessor-version":[{"id":26527,"href":"http:\/\/www.lanuevaopcion.cl\/index.php?rest_route=\/wp\/v2\/posts\/26525\/revisions\/26527"}],"wp:attachment":[{"href":"http:\/\/www.lanuevaopcion.cl\/index.php?rest_route=%2Fwp%2Fv2%2Fmedia&parent=26525"}],"wp:term":[{"taxonomy":"category","embeddable":true,"href":"http:\/\/www.lanuevaopcion.cl\/index.php?rest_route=%2Fwp%2Fv2%2Fcategories&post=26525"},{"taxonomy":"post_tag","embeddable":true,"href":"http:\/\/www.lanuevaopcion.cl\/index.php?rest_route=%2Fwp%2Fv2%2Ftags&post=26525"}],"curies":[{"name":"wp","href":"https:\/\/api.w.org\/{rel}","templated":true}]}}