{"id":26517,"date":"2021-03-09T17:55:15","date_gmt":"2021-03-09T17:55:15","guid":{"rendered":"http:\/\/www.lanuevaopcion.cl\/?p=26517"},"modified":"2021-03-09T18:05:12","modified_gmt":"2021-03-09T18:05:12","slug":"camara-de-diputados-aprueba-extender-el-estado-de-excepcion-de-catastrofe","status":"publish","type":"post","link":"http:\/\/www.lanuevaopcion.cl\/?p=26517","title":{"rendered":"C\u00e1mara de Diputados aprueba extender el Estado de Excepci\u00f3n de Cat\u00e1strofe"},"content":{"rendered":"<p><img loading=\"lazy\" decoding=\"async\"  alt=\"\" src=\"https:\/\/www.elperiodista.cl\/wp-content\/uploads\/2019\/10\/camara-de-diputados.jpg\" class=\"alignleft\" width=\"470\" height=\"265\" \/ class=\"alignleft\" style=\"margin-right:15px;margin-bottom:10px;float:left;\" ><br \/>\nLa C\u00e1mara de Diputados aprob\u00f3 por 102 votos a favor, 42 en en contra y 4 abstenciones la pr\u00f3rroga por 30 d\u00edas del Estado de Excepci\u00f3n de Cat\u00e1strofe en todo el pa\u00eds, solicitado por el Presidente Sebasti\u00e1n Pi\u00f1era. De esta forma, dicha medida tendr\u00e1 vigencia hasta 30 de junio.<\/p>\n<p>Tras la aprobaci\u00f3n en la C\u00e1mara, ahora ser\u00e1 el Senado quien deber\u00e1 ratificar la iniciativa pedida por el Gobierno para el control de la pandemia el Covid-19.<br \/>\n<!--more--><br \/>\nCabe recordar que la medida fue dictada inicialmente por el Mandatario el pasado 18 de enero de 2020, por un plazo de 90 d\u00edas, y ya fue extendida en tres oportunidades.<\/p>\n<p>El estado de cat\u00e1strofe actual estar\u00e1 vigente hasta el pr\u00f3ximo s\u00e1bado 13 de marzo, cuando cumplir\u00e1 casi un a\u00f1o, por lo que el Gobierno necesita de la aprobaci\u00f3n del Congreso para mantenerlo.<\/p>\n<p>Durante la sesi\u00f3n de hoy, el ministro de Salud, Enrique Paris, defendi\u00f3 la aplicaci\u00f3n del toque de queda en el contexto de la pandemia.\u201cTememos que eso pueda ocurrir en las noches (relajar medidas sanitarias), donde la gente no mantenga las medidas sanitarias al sentirse con libertad para organizar fiestas, para trasnochar, para consumir alcohol y no tener control sobre su posibilidad de cuidarse\u201d, afirm\u00f3.<br \/>\nhttps:\/\/www.radioagricultura.cl\/nacional\/2021\/03\/09\/camara-de-diputados-aprueba-extender-el-estado-de-excepcion-de-catastrofe.html<br \/>\nFUENTE. AGRICULTURA.CL ( EXCLUSIVO)<br \/>\nFOTO. EL PEIODISTA.CL<br \/>\nMEDIO DE DIFUSI\u00d3N , SIN FIN DE LUCRO ALGUNO <\/p>\n","protected":false},"excerpt":{"rendered":"<p>La C\u00e1mara de Diputados aprob\u00f3 por 102 votos a favor, 42 en en contra y 4 abstenciones la pr\u00f3rroga por 30 d\u00edas del Estado de Excepci\u00f3n de Cat\u00e1strofe en todo el pa\u00eds, solicitado por el Presidente Sebasti\u00e1n Pi\u00f1era. De esta forma, dicha medida tendr\u00e1 vigencia hasta 30 de junio. Tras la aprobaci\u00f3n en la C\u00e1mara, [&hellip;]<\/p>\n","protected":false},"author":51,"featured_media":0,"comment_status":"open","ping_status":"open","sticky":false,"template":"","format":"standard","meta":{"footnotes":""},"categories":[8,4,9,16,31,11],"tags":[382,707],"class_list":["post-26517","post","type-post","status-publish","format-standard","hentry","category-cultura","category-economia","category-educacion","category-nacional","category-salud","category-tendencias","tag-camara-de-diputados","tag-estado-de-excepcion"],"_links":{"self":[{"href":"http:\/\/www.lanuevaopcion.cl\/index.php?rest_route=\/wp\/v2\/posts\/26517","targetHints":{"allow":["GET"]}}],"collection":[{"href":"http:\/\/www.lanuevaopcion.cl\/index.php?rest_route=\/wp\/v2\/posts"}],"about":[{"href":"http:\/\/www.lanuevaopcion.cl\/index.php?rest_route=\/wp\/v2\/types\/post"}],"author":[{"embeddable":true,"href":"http:\/\/www.lanuevaopcion.cl\/index.php?rest_route=\/wp\/v2\/users\/51"}],"replies":[{"embeddable":true,"href":"http:\/\/www.lanuevaopcion.cl\/index.php?rest_route=%2Fwp%2Fv2%2Fcomments&post=26517"}],"version-history":[{"count":4,"href":"http:\/\/www.lanuevaopcion.cl\/index.php?rest_route=\/wp\/v2\/posts\/26517\/revisions"}],"predecessor-version":[{"id":26521,"href":"http:\/\/www.lanuevaopcion.cl\/index.php?rest_route=\/wp\/v2\/posts\/26517\/revisions\/26521"}],"wp:attachment":[{"href":"http:\/\/www.lanuevaopcion.cl\/index.php?rest_route=%2Fwp%2Fv2%2Fmedia&parent=26517"}],"wp:term":[{"taxonomy":"category","embeddable":true,"href":"http:\/\/www.lanuevaopcion.cl\/index.php?rest_route=%2Fwp%2Fv2%2Fcategories&post=26517"},{"taxonomy":"post_tag","embeddable":true,"href":"http:\/\/www.lanuevaopcion.cl\/index.php?rest_route=%2Fwp%2Fv2%2Ftags&post=26517"}],"curies":[{"name":"wp","href":"https:\/\/api.w.org\/{rel}","templated":true}]}}