{"id":26514,"date":"2021-03-09T17:35:54","date_gmt":"2021-03-09T17:35:54","guid":{"rendered":"http:\/\/www.lanuevaopcion.cl\/?p=26514"},"modified":"2021-03-09T17:36:14","modified_gmt":"2021-03-09T17:36:14","slug":"ravinet-y-ataques-a-baquedano-%c2%abla-policia-debe-actuar-con-decision-con-palos-con-todas-sus-armas%c2%bb","status":"publish","type":"post","link":"http:\/\/www.lanuevaopcion.cl\/?p=26514","title":{"rendered":"Ravinet y ataques a Baquedano: \u00abLa polic\u00eda debe actuar con decisi\u00f3n, con palos, con todas sus armas\u00bb"},"content":{"rendered":"<p><img loading=\"lazy\" decoding=\"async\"  alt=\"\" src=\"https:\/\/www.lacuarta.com\/wp-content\/uploads\/2021\/03\/ravinet-baquedano.jpg\" class=\"alignleft\" width=\"900\" height=\"600\" \/ class=\"alignleft\" style=\"margin-right:15px;margin-bottom:10px;float:left;\" ><br \/>\nJaime Ravinet, ex ministro de Bienes Nacionales del gobierno de Ricardo Lagos, y de Defensa en el primer mandato de Sebasti\u00e1n Pi\u00f1era, despert\u00f3 cr\u00edticas en redes sociales. Ello luego de que sus dichos condenaran a quienes prendieron fuego a la estatua del general Manuel Baquedano.<\/p>\n<p>Durante el viernes y el lunes, desconocidos trataran de quemar la figura de cemento y fierro ubicada en el ic\u00f3nico lugar.<\/p>\n<p>\u201cEsa estatua debe quedar ah\u00ed, debe defenderse. Y de una vez por todas la polic\u00eda debe actuar con decisi\u00f3n. Con palos, con todas sus armas que tengan para combatir a estos delincuentes, que no pueden seguir haciendo los destrozos\u201d, declar\u00f3 en CNN Chile.<br \/>\n<!--more--><br \/>\nGobierno incapaz<br \/>\nTambi\u00e9n, respald\u00f3 al Ej\u00e9rcito de Chile, que durante el fin de semana emiti\u00f3 un comunicado de prensa con fuertes ep\u00edtetos, calificando de \u00abanti-chilenos\u00bb a quienes participaron de dicha acci\u00f3n.<\/p>\n<p>\u201cComparto plenamente la declaraci\u00f3n y llamo a ponerse los pantalones y actuar con firmeza (\u2026) Los d\u00edas viernes se juntan delincuentes, barras bravas, narcotraficantes, parias de la sociedad que hay que darles con todo\u201d, prosigui\u00f3 con rabia.<\/p>\n<p>Luego, Ravinet continu\u00f3 con sus descargos: \u201cEs terrible que un gobierno que prometi\u00f3 mantener el orden p\u00fablico no sea capaz de hacerlo. Creo que en ninguna parte del mundo los v\u00e1ndalos y los delincuentes andan corriendo a Carabineros que tiene que huir, porque no tiene el respaldo pol\u00edtico suficiente para actuar\u201d<\/p>\n<p>Y cerr\u00f3 con que \u201clos que menos contribuyen son los periodistas que hablan de manifestantes y no violentistas, defendiendo a quienes act\u00faan en Plaza Italia\u201d.<\/p>\n<p>https:\/\/www.lacuarta.com\/cronica\/noticia\/ravinet-baquedano-policia-palos-armas\/610685\/<br \/>\nFUENTE. LA CUARTA.COM<br \/>\nMEDIO DE DIFUSI\u00d3N , SIN FIN DE LUCRO ALGUNO <\/p>\n","protected":false},"excerpt":{"rendered":"<p>Jaime Ravinet, ex ministro de Bienes Nacionales del gobierno de Ricardo Lagos, y de Defensa en el primer mandato de Sebasti\u00e1n Pi\u00f1era, despert\u00f3 cr\u00edticas en redes sociales. Ello luego de que sus dichos condenaran a quienes prendieron fuego a la estatua del general Manuel Baquedano. Durante el viernes y el lunes, desconocidos trataran de quemar [&hellip;]<\/p>\n","protected":false},"author":51,"featured_media":0,"comment_status":"open","ping_status":"open","sticky":false,"template":"","format":"standard","meta":{"footnotes":""},"categories":[8,4,16,30,1,31,11],"tags":[675,705,706],"class_list":["post-26514","post","type-post","status-publish","format-standard","hentry","category-cultura","category-economia","category-nacional","category-policial","category-uncategorized","category-salud","category-tendencias","tag-cronica","tag-ex-ministro-de-defensa","tag-jaime-ravinet"],"_links":{"self":[{"href":"http:\/\/www.lanuevaopcion.cl\/index.php?rest_route=\/wp\/v2\/posts\/26514","targetHints":{"allow":["GET"]}}],"collection":[{"href":"http:\/\/www.lanuevaopcion.cl\/index.php?rest_route=\/wp\/v2\/posts"}],"about":[{"href":"http:\/\/www.lanuevaopcion.cl\/index.php?rest_route=\/wp\/v2\/types\/post"}],"author":[{"embeddable":true,"href":"http:\/\/www.lanuevaopcion.cl\/index.php?rest_route=\/wp\/v2\/users\/51"}],"replies":[{"embeddable":true,"href":"http:\/\/www.lanuevaopcion.cl\/index.php?rest_route=%2Fwp%2Fv2%2Fcomments&post=26514"}],"version-history":[{"count":2,"href":"http:\/\/www.lanuevaopcion.cl\/index.php?rest_route=\/wp\/v2\/posts\/26514\/revisions"}],"predecessor-version":[{"id":26516,"href":"http:\/\/www.lanuevaopcion.cl\/index.php?rest_route=\/wp\/v2\/posts\/26514\/revisions\/26516"}],"wp:attachment":[{"href":"http:\/\/www.lanuevaopcion.cl\/index.php?rest_route=%2Fwp%2Fv2%2Fmedia&parent=26514"}],"wp:term":[{"taxonomy":"category","embeddable":true,"href":"http:\/\/www.lanuevaopcion.cl\/index.php?rest_route=%2Fwp%2Fv2%2Fcategories&post=26514"},{"taxonomy":"post_tag","embeddable":true,"href":"http:\/\/www.lanuevaopcion.cl\/index.php?rest_route=%2Fwp%2Fv2%2Ftags&post=26514"}],"curies":[{"name":"wp","href":"https:\/\/api.w.org\/{rel}","templated":true}]}}