{"id":26510,"date":"2021-03-05T12:56:11","date_gmt":"2021-03-05T12:56:11","guid":{"rendered":"http:\/\/www.lanuevaopcion.cl\/?p=26510"},"modified":"2021-03-05T12:56:11","modified_gmt":"2021-03-05T12:56:11","slug":"abogado-del-padre-de-tomas-bravo-revelo-amenazas-de-muerte","status":"publish","type":"post","link":"http:\/\/www.lanuevaopcion.cl\/?p=26510","title":{"rendered":"Abogado del padre de Tom\u00e1s Bravo revel\u00f3 amenazas de muerte"},"content":{"rendered":"<p><img loading=\"lazy\" decoding=\"async\"  alt=\"\" src=\"https:\/\/www.lacuarta.com\/wp-content\/uploads\/2021\/03\/A_UNO_1260110-1-390x293.jpg\" class=\"alignleft\" width=\"390\" height=\"293\" \/ class=\"alignleft\" style=\"margin-right:15px;margin-bottom:10px;float:left;\" ><br \/>\nEl abogado del padre de Tom\u00e1s Bravo, Cristi\u00e1n Echaiz, sufri\u00f3 un intento de agresi\u00f3n en las afueras de la c\u00e1rcel El Manzano de Concepci\u00f3n, en la Regi\u00f3n del Biob\u00edo. El hecho ocurri\u00f3 luego de conversar con la prensa apostada en el lugar y a pocos minutos de concretarse la salida de Jorge Escobar, t\u00edo abuelo del ni\u00f1o fallecido que a\u00fan se encontraba al interior del recinto penitenciario.<br \/>\n<!--more--><br \/>\nSobre lo sucedido, el profesional relat\u00f3: \u00abEstaba con mi hija menor de edad. Paso por el memorial (a Tom\u00e1s) del Servicio M\u00e9dico Legal, le muestro un poco a mi hija en vivo el tema, me doy varias vueltas, porque tampoco quer\u00eda toparme con la salida del imputado\u2026 en realidad no era mi intenci\u00f3n\u00bb.<\/p>\n<p>En conversaci\u00f3n con Hola Chile, Echaiz explic\u00f3 que \u00abal parecer, cuando la prensa me empieza a hacer algunas preguntas, algunas personas me confunden, se\u00f1al\u00e1ndome que yo no defend\u00eda al menor y que estaba de un lado de un supuesto asesino y un mont\u00f3n de cosas. Lo encuentro de una irracionalidad terrible\u00bb.<\/p>\n<p>Amenazas de muerte<br \/>\n\u00abYo creo que todo el mundo y todo Chile ha visto c\u00f3mo he tratado de ejercer la defensa y, la verdad, es que adem\u00e1s del susto de mi hija, voy a seguir en el caso. Habl\u00e9 con Mois\u00e9s (Bravo) y le dije que no se preocupara. Pero a\u00fan as\u00ed con los resguardos debido porque recib\u00ed amenazas de muerte, mi hija igual, le sacaron fotos. Debo agradecer porque hab\u00eda una productora de un canal y sac\u00f3 a mi hija a otro lugar y la contuvo\u00bb, a\u00f1adi\u00f3.<\/p>\n<p>Para cerrar, el abogado del padre de Tom\u00e1s Bravo asegur\u00f3 que \u00abmi compromiso es con Mois\u00e9s, con la causa y Tomasito. La verdad es que estar entre un tumulto de gente adentro de un auto es bien impactante. Si bien los da\u00f1os no son tantos, a pesar de que el auto qued\u00f3 bastante destruido, pero cuando uno est\u00e1 adentro del veh\u00edculo la situaci\u00f3n cambia absolutamente\u00bb.<br \/>\nhttps:\/\/www.lacuarta.com\/cronica\/noticia\/abogado-del-padre-tomas-revelo\/609324\/<br \/>\nFUENTE. LA CUARTA.COM<br \/>\nMEDIO DE DIFUSI\u00d3N , SIN FIN DE LUCRO ALGUNO <\/p>\n","protected":false},"excerpt":{"rendered":"<p>El abogado del padre de Tom\u00e1s Bravo, Cristi\u00e1n Echaiz, sufri\u00f3 un intento de agresi\u00f3n en las afueras de la c\u00e1rcel El Manzano de Concepci\u00f3n, en la Regi\u00f3n del Biob\u00edo. El hecho ocurri\u00f3 luego de conversar con la prensa apostada en el lugar y a pocos minutos de concretarse la salida de Jorge Escobar, t\u00edo abuelo [&hellip;]<\/p>\n","protected":false},"author":51,"featured_media":0,"comment_status":"open","ping_status":"open","sticky":false,"template":"","format":"standard","meta":{"footnotes":""},"categories":[8,9,30,31,11],"tags":[703,675],"class_list":["post-26510","post","type-post","status-publish","format-standard","hentry","category-cultura","category-educacion","category-policial","category-salud","category-tendencias","tag-amenazas-de-muerte","tag-cronica"],"_links":{"self":[{"href":"http:\/\/www.lanuevaopcion.cl\/index.php?rest_route=\/wp\/v2\/posts\/26510","targetHints":{"allow":["GET"]}}],"collection":[{"href":"http:\/\/www.lanuevaopcion.cl\/index.php?rest_route=\/wp\/v2\/posts"}],"about":[{"href":"http:\/\/www.lanuevaopcion.cl\/index.php?rest_route=\/wp\/v2\/types\/post"}],"author":[{"embeddable":true,"href":"http:\/\/www.lanuevaopcion.cl\/index.php?rest_route=\/wp\/v2\/users\/51"}],"replies":[{"embeddable":true,"href":"http:\/\/www.lanuevaopcion.cl\/index.php?rest_route=%2Fwp%2Fv2%2Fcomments&post=26510"}],"version-history":[{"count":1,"href":"http:\/\/www.lanuevaopcion.cl\/index.php?rest_route=\/wp\/v2\/posts\/26510\/revisions"}],"predecessor-version":[{"id":26511,"href":"http:\/\/www.lanuevaopcion.cl\/index.php?rest_route=\/wp\/v2\/posts\/26510\/revisions\/26511"}],"wp:attachment":[{"href":"http:\/\/www.lanuevaopcion.cl\/index.php?rest_route=%2Fwp%2Fv2%2Fmedia&parent=26510"}],"wp:term":[{"taxonomy":"category","embeddable":true,"href":"http:\/\/www.lanuevaopcion.cl\/index.php?rest_route=%2Fwp%2Fv2%2Fcategories&post=26510"},{"taxonomy":"post_tag","embeddable":true,"href":"http:\/\/www.lanuevaopcion.cl\/index.php?rest_route=%2Fwp%2Fv2%2Ftags&post=26510"}],"curies":[{"name":"wp","href":"https:\/\/api.w.org\/{rel}","templated":true}]}}