{"id":26477,"date":"2021-02-22T14:36:38","date_gmt":"2021-02-22T14:36:38","guid":{"rendered":"http:\/\/www.lanuevaopcion.cl\/?p=26477"},"modified":"2021-02-22T14:36:38","modified_gmt":"2021-02-22T14:36:38","slug":"%e2%80%9clea-de-nuevo-senora-cubillos%e2%80%9d-el-tenso-round-entre-matamala-y-la-exministra-de-educacion","status":"publish","type":"post","link":"http:\/\/www.lanuevaopcion.cl\/?p=26477","title":{"rendered":"\u201cLea de nuevo, se\u00f1ora Cubillos\u201d: El tens\u00f3 round entre Matamala y la exministra de Educaci\u00f3n"},"content":{"rendered":"<p><img loading=\"lazy\" decoding=\"async\"  alt=\"\" src=\"https:\/\/www.lacuarta.com\/wp-content\/uploads\/2021\/02\/matamala-cubillos-390x293.jpg\" class=\"alignleft\" width=\"390\" height=\"293\" \/ class=\"alignleft\" style=\"margin-right:15px;margin-bottom:10px;float:left;\" ><br \/>\nEl fin de semana dej\u00f3 un tenso intercambio entre la exministra de Educaci\u00f3n, Marcela Cubillos, y el periodista de CNN Chile y Chilevisi\u00f3n, Daniel Matamala, quien en una columna \u00abLa mala educaci\u00f3n\u00bb cuestion\u00f3 duramente la gesti\u00f3n de ella en el Mineduc, que estuvo en el cargo hasta su renuncia en febrero del 2020.<\/p>\n<p>En el texto publicado en La Tercera, Matamala fue cr\u00edtico con las palabras del ministro de Econom\u00eda, Lucas Palacios, quien a mediados de esta semana lanz\u00f3 la cuestionada frase de que los profesores buscan por \u201cpor todas formas no trabajar, es un caso \u00fanico en el mundo y yo dir\u00eda que de estudio\u201d.<br \/>\n<!--more--><br \/>\nPero adem\u00e1s, en el art\u00edculo el periodista cuestion\u00f3 la labor de la exministra Cubillos en el Mineduc, al asegurar que ella convirti\u00f3 el \u00abministerio en una trinchera\u201d, al negarse durante semanas a dialogar con el presidente del Colegio de Profesores, Mario Aguilar, que lideraba un extenso paro.<\/p>\n<p>Y luego, en su columna Matamala agreg\u00f3 que \u201csu gesti\u00f3n (la de Marcela Cubillos) no mejor\u00f3 la educaci\u00f3n p\u00fablica, pero s\u00ed paviment\u00f3 su futuro pol\u00edtico como favorita de los poderes f\u00e1cticos y del empresariado m\u00e1s ortodoxo. El 28 de febrero de 2020, mientras la tormenta del Covid se acercaba a los colegios chilenos, Cubillos abandon\u00f3 el buque del ministerio, para liderar el Instituto Libertad y Desarrollo y la campa\u00f1a del Rechazo a la nueva Constituci\u00f3n. Ahora, se postula a redactar esa misma Constituci\u00f3n, desplegando la campa\u00f1a m\u00e1s millonaria del pa\u00eds, con un presupuesto de $84.800.000\u201d.<\/p>\n<p>Los \u00abaportes\u00bb<br \/>\nEl periodista public\u00f3 su columna en Twitter, plataforma en que la exsecretaria de Estado le respondi\u00f3 con rapidez. Cubillos le escribi\u00f3, particularmente en lo referido al financiamiento de su campa\u00f1a como constituyente:<\/p>\n<p>\u2014La odiosidad de Daniel Matamala compite con su ignorancia \u2014escribi\u00f3 ella\u2014. Habla de campa\u00f1a millonaria con aportes de 84 millones. Lea la ley e info del Servel. Es un \u00abcr\u00e9dito contra reembolso\u00bb, deuda y no aporte. Se paga con votos. Para que se entere: mecanismo legal de financiamiento p\u00fablico.<\/p>\n<p>Al ver la respuesta, Matalama no se qued\u00f3 callado y continu\u00f3 la discusi\u00f3n. Le pidi\u00f3 a la exministra que volviera a leer el p\u00e1rrafo en que hablaba del financiamiento.<\/p>\n<p>\u2014Lea de nuevo, se\u00f1ora Cubillos \u2014escribi\u00f3\u2014 La palabra \u201caportes\u201d la invent\u00f3 usted. Lo que dice la columna es cierto \u2014Adem\u00e1s, agreg\u00f3 un pantallazo del fragmento en cuesti\u00f3n para demostrar su punto.<\/p>\n<p>En ese momento, Cubillos opt\u00f3 por el silencio.<br \/>\nhttps:\/\/www.lacuarta.com\/cronica\/noticia\/round-matamala-exministra-educacion-cubillos\/603827\/<br \/>\nFUENTE. LA CUARTA.COM<br \/>\nMEDIO DE DIFUSI\u00d3N , SIN FIN DE LUCRO ALGUNO <\/p>\n","protected":false},"excerpt":{"rendered":"<p>El fin de semana dej\u00f3 un tenso intercambio entre la exministra de Educaci\u00f3n, Marcela Cubillos, y el periodista de CNN Chile y Chilevisi\u00f3n, Daniel Matamala, quien en una columna \u00abLa mala educaci\u00f3n\u00bb cuestion\u00f3 duramente la gesti\u00f3n de ella en el Mineduc, que estuvo en el cargo hasta su renuncia en febrero del 2020. En el [&hellip;]<\/p>\n","protected":false},"author":51,"featured_media":0,"comment_status":"open","ping_status":"open","sticky":false,"template":"","format":"standard","meta":{"footnotes":""},"categories":[8,4,9,16,1,31,11],"tags":[675],"class_list":["post-26477","post","type-post","status-publish","format-standard","hentry","category-cultura","category-economia","category-educacion","category-nacional","category-uncategorized","category-salud","category-tendencias","tag-cronica"],"_links":{"self":[{"href":"http:\/\/www.lanuevaopcion.cl\/index.php?rest_route=\/wp\/v2\/posts\/26477","targetHints":{"allow":["GET"]}}],"collection":[{"href":"http:\/\/www.lanuevaopcion.cl\/index.php?rest_route=\/wp\/v2\/posts"}],"about":[{"href":"http:\/\/www.lanuevaopcion.cl\/index.php?rest_route=\/wp\/v2\/types\/post"}],"author":[{"embeddable":true,"href":"http:\/\/www.lanuevaopcion.cl\/index.php?rest_route=\/wp\/v2\/users\/51"}],"replies":[{"embeddable":true,"href":"http:\/\/www.lanuevaopcion.cl\/index.php?rest_route=%2Fwp%2Fv2%2Fcomments&post=26477"}],"version-history":[{"count":1,"href":"http:\/\/www.lanuevaopcion.cl\/index.php?rest_route=\/wp\/v2\/posts\/26477\/revisions"}],"predecessor-version":[{"id":26478,"href":"http:\/\/www.lanuevaopcion.cl\/index.php?rest_route=\/wp\/v2\/posts\/26477\/revisions\/26478"}],"wp:attachment":[{"href":"http:\/\/www.lanuevaopcion.cl\/index.php?rest_route=%2Fwp%2Fv2%2Fmedia&parent=26477"}],"wp:term":[{"taxonomy":"category","embeddable":true,"href":"http:\/\/www.lanuevaopcion.cl\/index.php?rest_route=%2Fwp%2Fv2%2Fcategories&post=26477"},{"taxonomy":"post_tag","embeddable":true,"href":"http:\/\/www.lanuevaopcion.cl\/index.php?rest_route=%2Fwp%2Fv2%2Ftags&post=26477"}],"curies":[{"name":"wp","href":"https:\/\/api.w.org\/{rel}","templated":true}]}}