{"id":26474,"date":"2021-02-19T09:34:43","date_gmt":"2021-02-19T09:34:43","guid":{"rendered":"http:\/\/www.lanuevaopcion.cl\/?p=26474"},"modified":"2021-02-19T09:35:11","modified_gmt":"2021-02-19T09:35:11","slug":"la-triste-despedida-de-daniel-fuenzalida-a-su-madre-%c2%abahora-viviras-mas-aun-dentro-mio%c2%bb","status":"publish","type":"post","link":"http:\/\/www.lanuevaopcion.cl\/?p=26474","title":{"rendered":"La triste despedida de Daniel Fuenzalida a su madre: \u00abAhora vivir\u00e1s m\u00e1s a\u00fan dentro m\u00edo\u00bb"},"content":{"rendered":"<p><img loading=\"lazy\" decoding=\"async\"  alt=\"\" src=\"https:\/\/www.lacuarta.com\/wp-content\/uploads\/2021\/02\/fuenzalida-390x293.jpg\" class=\"alignleft\" width=\"390\" height=\"293\" \/ class=\"alignleft\" style=\"margin-right:15px;margin-bottom:10px;float:left;\" ><br \/>\nDurante la jornada de este jueves, finalmente se confirm\u00f3 la partida de Mar\u00eda Teresa Ferdinand, la mam\u00e1 de Daniel Fuenzalida, quien falleci\u00f3 a los 77 a\u00f1os.<\/p>\n<p>La noticia fue confirmada por el propio animador de televisi\u00f3n a Glamorama. \u00abS\u00ed, mi mam\u00e1 se nos fue reci\u00e9n\u00bb, revel\u00f3 al medio de espect\u00e1culos.<\/p>\n<p>Y ahora, utiliz\u00f3 sus redes sociales para darle el \u00faltimo adi\u00f3s a su progenitora.  \u00abMamita s\u00f3lo puedo darte las infinitas gracias por todo, por tu amor eterno e infinito para todos\u00bb, escribi\u00f3 de entrada.<br \/>\n<!--more--><br \/>\nEl \u00faltimo adi\u00f3s de Daniel Fuenzalida<br \/>\nAdem\u00e1s, aprovech\u00f3 de agradecerle todas sus ense\u00f1anzas y dedicarle un profundo mensaje. \u00abHasta el \u00faltimo minuto me ense\u00f1aste que hay que dar la pelea siempre, ahora vivir\u00e1s m\u00e1s a\u00fan dentro m\u00edo, te amo Mam\u00e1\u00bb, finaliz\u00f3.<\/p>\n<p>Cabe recordar que Mar\u00eda Teresa estuvo complicada de salud durante la pandemia. Incluso, fue internada de urgencia en su momento tras contagiarse de Covid-19.<\/p>\n<p>Durante las \u00faltimas semanas, tambi\u00e9n hab\u00eda sufrido algunas complicaciones para respirar. Esto, a pesar de que hab\u00eda sido dada de alto en enero.<\/p>\n<p>https:\/\/www.lacuarta.com\/espectaculos\/noticia\/daniel-fuenzalida-muerte-mama\/602629\/<br \/>\nFUENTE. LA CUARTA.COM<br \/>\nMEDIO DE DIFUSI\u00d3N, SIN FIN DE LUCRO ALGUNO<\/p>\n","protected":false},"excerpt":{"rendered":"<p>Durante la jornada de este jueves, finalmente se confirm\u00f3 la partida de Mar\u00eda Teresa Ferdinand, la mam\u00e1 de Daniel Fuenzalida, quien falleci\u00f3 a los 77 a\u00f1os. La noticia fue confirmada por el propio animador de televisi\u00f3n a Glamorama. \u00abS\u00ed, mi mam\u00e1 se nos fue reci\u00e9n\u00bb, revel\u00f3 al medio de espect\u00e1culos. Y ahora, utiliz\u00f3 sus redes [&hellip;]<\/p>\n","protected":false},"author":51,"featured_media":0,"comment_status":"open","ping_status":"open","sticky":false,"template":"","format":"standard","meta":{"footnotes":""},"categories":[9,16,31,11],"tags":[692,693,116],"class_list":["post-26474","post","type-post","status-publish","format-standard","hentry","category-educacion","category-nacional","category-salud","category-tendencias","tag-daniel-fuenzalida","tag-mama","tag-tv"],"_links":{"self":[{"href":"http:\/\/www.lanuevaopcion.cl\/index.php?rest_route=\/wp\/v2\/posts\/26474","targetHints":{"allow":["GET"]}}],"collection":[{"href":"http:\/\/www.lanuevaopcion.cl\/index.php?rest_route=\/wp\/v2\/posts"}],"about":[{"href":"http:\/\/www.lanuevaopcion.cl\/index.php?rest_route=\/wp\/v2\/types\/post"}],"author":[{"embeddable":true,"href":"http:\/\/www.lanuevaopcion.cl\/index.php?rest_route=\/wp\/v2\/users\/51"}],"replies":[{"embeddable":true,"href":"http:\/\/www.lanuevaopcion.cl\/index.php?rest_route=%2Fwp%2Fv2%2Fcomments&post=26474"}],"version-history":[{"count":2,"href":"http:\/\/www.lanuevaopcion.cl\/index.php?rest_route=\/wp\/v2\/posts\/26474\/revisions"}],"predecessor-version":[{"id":26476,"href":"http:\/\/www.lanuevaopcion.cl\/index.php?rest_route=\/wp\/v2\/posts\/26474\/revisions\/26476"}],"wp:attachment":[{"href":"http:\/\/www.lanuevaopcion.cl\/index.php?rest_route=%2Fwp%2Fv2%2Fmedia&parent=26474"}],"wp:term":[{"taxonomy":"category","embeddable":true,"href":"http:\/\/www.lanuevaopcion.cl\/index.php?rest_route=%2Fwp%2Fv2%2Fcategories&post=26474"},{"taxonomy":"post_tag","embeddable":true,"href":"http:\/\/www.lanuevaopcion.cl\/index.php?rest_route=%2Fwp%2Fv2%2Ftags&post=26474"}],"curies":[{"name":"wp","href":"https:\/\/api.w.org\/{rel}","templated":true}]}}