{"id":26472,"date":"2021-02-18T03:21:01","date_gmt":"2021-02-18T03:21:01","guid":{"rendered":"http:\/\/www.lanuevaopcion.cl\/?p=26472"},"modified":"2021-02-18T03:21:01","modified_gmt":"2021-02-18T03:21:01","slug":"esteban-paredes-%c2%abqueria-sacarme-este-peso-de-encima-y-lo-conseguimos%e2%80%9d","status":"publish","type":"post","link":"http:\/\/www.lanuevaopcion.cl\/?p=26472","title":{"rendered":"Esteban Paredes: \u00abQuer\u00eda sacarme este peso de encima y lo conseguimos\u201d"},"content":{"rendered":"<p><img loading=\"lazy\" decoding=\"async\"  alt=\"\" src=\"https:\/\/www.lacuarta.com\/wp-content\/uploads\/2021\/01\/Colo-Colo-vs-Universid-9219343-3-390x293.jpg\" class=\"alignleft\" width=\"390\" height=\"293\" \/ class=\"alignleft\" style=\"margin-right:15px;margin-bottom:10px;float:left;\" ><br \/>\nEsteban Paredes, goleador y s\u00edmbolo de Colo Colo, tuvo su momento de desahogo luego que el cuadro albo lograra la permanencia en la serie de honor del f\u00fatbol profesional chileno, con un triunfo por 1-0 sobre Universidad de Concepci\u00f3n en el Estadio Fiscal de Talca.<\/p>\n<p>El \u2018Tanque\u2019 no ingres\u00f3 en la presente jornada ante el elenco del \u2018Campanil\u2019, ya que el titular fue Javier Parraguez y durante el complemento hizo su ingreso Iv\u00e1n Morales. No obstante, el \u20187\u2019 constantemente apoyaba a sus compa\u00f1eros y con el pitazo final se emocion\u00f3 hasta las l\u00e1grimas.<br \/>\n<!--more--><br \/>\n\u201cDesde afuera hab\u00eda mucho nervio, ansiedad, quer\u00eda ayudar, pero mis compa\u00f1eros lo dieron todo, fue un partido muy duro. Mis compa\u00f1eros se la jugaron por entero\u201d, declar\u00f3.<\/p>\n<p>\u201cSe cometieron muchos errores en el camino, se tendr\u00e1n que ver todo los temas que pasaron, fue muy duro la etapa de ir al seguro, hubo reacciones entre compa\u00f1eros que no debi\u00f3 pasar, pero hubo una reuni\u00f3n para ver la familia que eramos y hoy eso se vio reflejado en el partido\u201d, cerr\u00f3.<br \/>\nhttps:\/\/www.lacuarta.com\/deportes\/noticia\/esteban-paredes-queria-sacarme-este-peso-lo-conseguimos\/602176\/<br \/>\nFUENTE. LA CUARTA.COM<br \/>\nMEDIO DE DIFUSI\u00d3N , SIN FIN DE LUCRO ALGUNO.<\/p>\n","protected":false},"excerpt":{"rendered":"<p>Esteban Paredes, goleador y s\u00edmbolo de Colo Colo, tuvo su momento de desahogo luego que el cuadro albo lograra la permanencia en la serie de honor del f\u00fatbol profesional chileno, con un triunfo por 1-0 sobre Universidad de Concepci\u00f3n en el Estadio Fiscal de Talca. El \u2018Tanque\u2019 no ingres\u00f3 en la presente jornada ante el [&hellip;]<\/p>\n","protected":false},"author":51,"featured_media":0,"comment_status":"open","ping_status":"open","sticky":false,"template":"","format":"standard","meta":{"footnotes":""},"categories":[8,7,5,16,31,11],"tags":[691],"class_list":["post-26472","post","type-post","status-publish","format-standard","hentry","category-cultura","category-deporte","category-internacional","category-nacional","category-salud","category-tendencias","tag-colo-colo"],"_links":{"self":[{"href":"http:\/\/www.lanuevaopcion.cl\/index.php?rest_route=\/wp\/v2\/posts\/26472","targetHints":{"allow":["GET"]}}],"collection":[{"href":"http:\/\/www.lanuevaopcion.cl\/index.php?rest_route=\/wp\/v2\/posts"}],"about":[{"href":"http:\/\/www.lanuevaopcion.cl\/index.php?rest_route=\/wp\/v2\/types\/post"}],"author":[{"embeddable":true,"href":"http:\/\/www.lanuevaopcion.cl\/index.php?rest_route=\/wp\/v2\/users\/51"}],"replies":[{"embeddable":true,"href":"http:\/\/www.lanuevaopcion.cl\/index.php?rest_route=%2Fwp%2Fv2%2Fcomments&post=26472"}],"version-history":[{"count":1,"href":"http:\/\/www.lanuevaopcion.cl\/index.php?rest_route=\/wp\/v2\/posts\/26472\/revisions"}],"predecessor-version":[{"id":26473,"href":"http:\/\/www.lanuevaopcion.cl\/index.php?rest_route=\/wp\/v2\/posts\/26472\/revisions\/26473"}],"wp:attachment":[{"href":"http:\/\/www.lanuevaopcion.cl\/index.php?rest_route=%2Fwp%2Fv2%2Fmedia&parent=26472"}],"wp:term":[{"taxonomy":"category","embeddable":true,"href":"http:\/\/www.lanuevaopcion.cl\/index.php?rest_route=%2Fwp%2Fv2%2Fcategories&post=26472"},{"taxonomy":"post_tag","embeddable":true,"href":"http:\/\/www.lanuevaopcion.cl\/index.php?rest_route=%2Fwp%2Fv2%2Ftags&post=26472"}],"curies":[{"name":"wp","href":"https:\/\/api.w.org\/{rel}","templated":true}]}}